{"id":126385,"date":"2021-09-08T09:49:25","date_gmt":"2021-09-08T13:49:25","guid":{"rendered":"https:\/\/linitiative.ca\/International\/grande-lumiere-sur-les-chantres-slaouis-du-malhoun\/"},"modified":"2021-09-08T09:49:25","modified_gmt":"2021-09-08T13:49:25","slug":"grande-lumiere-sur-les-chantres-slaouis-du-malhoun","status":"publish","type":"post","link":"https:\/\/linitiative.ca\/International\/grande-lumiere-sur-les-chantres-slaouis-du-malhoun\/","title":{"rendered":"Grande lumi\u00e8re sur les chantres slaouis du Malhoun"},"content":{"rendered":"<div>\n<p><img decoding=\"async\" width=\"300\" height=\"153\" src=\"https:\/\/linitiative.ca\/International\/wp-content\/uploads\/sites\/23\/2021\/09\/Malhoun-300x153-1.jpg\" class=\"attachment-medium size-medium wp-post-image\" alt=\"\" loading=\"lazy\" srcset=\"\/\/aujourdhui.ma\/wp-content\/uploads\/2021\/09\/Malhoun-300x153.jpg 300w, \/\/aujourdhui.ma\/wp-content\/uploads\/2021\/09\/Malhoun-274x140.jpg 274w, \/\/aujourdhui.ma\/wp-content\/uploads\/2021\/09\/Malhoun.jpg 746w, \/\/aujourdhui.ma\/wp-content\/uploads\/2021\/09\/Malhoun-165x84.jpg 165w, \/\/aujourdhui.ma\/wp-content\/uploads\/2021\/09\/Malhoun-702x358.jpg 702w\" sizes=\"auto, (max-width: 300px) 100vw, 300px\"><\/p>\n<p><span style=\"color: #800000;\"><strong>Une premi\u00e8re ! Le nouveau livre \u00abChantres slaouis du Malhoun, des perles conserv\u00e9es de la m\u00e9moire du patrimoine marocain\u00bb a la particularit\u00e9 de s\u2019int\u00e9resser aux cr\u00e9ations des po\u00e8tes slaouis du Malhoun.<\/strong> <\/span><span id=\"more-386107\"><\/span><\/p>\n<p>Dans cette oeuvre, publi\u00e9e par les \u00e9ditions Sijilmassa, le chercheur Noureddine Chammas documente comme il le pr\u00e9cise \u00ables parcours intellectuels, culturels et cr\u00e9atifs de ces chantres\u00bb. En d\u00e9tail, cette publication, pr\u00e9fac\u00e9e par Abdelmajid Fennich, met en lumi\u00e8re, selon l\u2019auteur, \u00abdes aspects importants de la vie de ces cr\u00e9ateurs et les r\u00e9pertorie selon leur biographie con\u00e7ue par d\u2019autres auteurs\u00bb. \u00abLe tout selon une m\u00e9thodologie compl\u00e9mentaire alliant la documentation, l\u2019investigation, la chronologie, le contexte historique et l\u2019enqu\u00eate de terrain dans la m\u00e9moire des apprenants et int\u00e9ress\u00e9s toujours en vie\u00bb, avance l\u2019\u00e9crivain. En 501 pages, l\u2019oeuvre r\u00e9pertorie la cr\u00e9ativit\u00e9 slaouie en Malhoun sur trois si\u00e8cles. Apr\u00e8s une introduction g\u00e9n\u00e9rale, fixant l\u2019objectif de cette \u00e9tude, sa m\u00e9thodologie et ses r\u00e9f\u00e9rences, l\u2019auteur divise son ouvrage en deux chapitres. Le premier \u00e9tant intitul\u00e9 \u00abLes chantres slaouis lors de l\u2019essor du Malhoun\u00bb Appel\u00e9e \u00abSabat Lechiakh\u00bb, cette \u00e9volution a notamment marqu\u00e9 l\u2019\u00e8re allant du Sultan Moulay Abdellah au Sultan Sidi Mohamed Ben Abderrahman Ben Hicham. Quant au deuxi\u00e8me chapitre, intitul\u00e9 \u00abLes chantres slaouis novateurs du Malhoun\u00bb, il relate cet art dans l\u2019\u00e8re de Moulay Hassan Ier jusqu\u2019au r\u00e8gne de Sa Majest\u00e9 le Roi Mohammed VI.<\/p>\n<p>Chaque chapitre comprend des r\u00e9pertoires d\u2019un chantre slaoui. Ainsi, le premier chapitre compile treize r\u00e9pertoires au moment o\u00f9 le deuxi\u00e8me en rassemble vingt-neuf. De plus, tout r\u00e9pertoire comprend une biographie d\u00e9taill\u00e9e du chantre et sa bibliographie outre ses po\u00e8mes enregistr\u00e9s \u00e0 la radio avec des num\u00e9ros d\u2019enregistrement et des mod\u00e8les de leurs manuscrits. De quoi faire l\u2019int\u00e9r\u00eat de l\u2019ouvrage consid\u00e9r\u00e9, selon l\u2019auteur, une r\u00e9f\u00e9rence pour les chercheurs en histoire du patrimoine du Malhoun en g\u00e9n\u00e9ral et slaoui en particulier. Pour lui, le livre est \u00e9galement une valeur ajout\u00e9e en termes de recherche des tr\u00e9sors de notre culture marocaine authentique dans son rapport avec son environnement socio-politique. \u00abLe tout sous le patronage des Rois alaouites qui a atteint son apog\u00e9e lors des r\u00e8gnes de Feu Hassan II et de SM le Roi Mohammed VI\u00bb, ajoute le chercheur qui s\u2019appuie sur des attestations et t\u00e9moignages.<\/p>\n<\/div>\n<p>Auteur: ALM<br \/>\n<a href=\"https:\/\/aujourdhui.ma\/culture\/grande-lumiere-sur-les-chantres-slaouis-du-malhoun\">Cliquez ici pour lire l&rsquo;article depuis sa source.<\/a><\/p>\n","protected":false},"excerpt":{"rendered":"<p>Une premi\u00e8re ! Le nouveau livre \u00abChantres slaouis du Malhoun, des perles conserv\u00e9es de la m\u00e9moire du patrimoine marocain\u00bb a la particularit\u00e9 de s\u2019int\u00e9resser aux cr\u00e9ations des po\u00e8tes slaouis du Malhoun. Dans cette oeuvre, publi\u00e9e par les \u00e9ditions Sijilmassa, le chercheur Noureddine Chammas documente comme il le pr\u00e9cise \u00ables parcours intellectuels, culturels et cr\u00e9atifs de [&hellip;]<\/p>\n","protected":false},"author":1759,"featured_media":0,"comment_status":"closed","ping_status":"closed","sticky":false,"template":"","format":"standard","meta":{"fifu_image_url":"https:\/\/aujourdhui.ma\/wp-content\/uploads\/2021\/09\/Malhoun-300x153.jpg","fifu_image_alt":"Grande lumi\u00e8re sur les chantres slaouis du Malhoun","footnotes":""},"categories":[73,54],"tags":[],"class_list":["post-126385","post","type-post","status-publish","format-standard","hentry","category-actualite","category-maroc"],"_links":{"self":[{"href":"https:\/\/linitiative.ca\/International\/wp-json\/wp\/v2\/posts\/126385","targetHints":{"allow":["GET"]}}],"collection":[{"href":"https:\/\/linitiative.ca\/International\/wp-json\/wp\/v2\/posts"}],"about":[{"href":"https:\/\/linitiative.ca\/International\/wp-json\/wp\/v2\/types\/post"}],"author":[{"embeddable":true,"href":"https:\/\/linitiative.ca\/International\/wp-json\/wp\/v2\/users\/1759"}],"replies":[{"embeddable":true,"href":"https:\/\/linitiative.ca\/International\/wp-json\/wp\/v2\/comments?post=126385"}],"version-history":[{"count":0,"href":"https:\/\/linitiative.ca\/International\/wp-json\/wp\/v2\/posts\/126385\/revisions"}],"wp:attachment":[{"href":"https:\/\/linitiative.ca\/International\/wp-json\/wp\/v2\/media?parent=126385"}],"wp:term":[{"taxonomy":"category","embeddable":true,"href":"https:\/\/linitiative.ca\/International\/wp-json\/wp\/v2\/categories?post=126385"},{"taxonomy":"post_tag","embeddable":true,"href":"https:\/\/linitiative.ca\/International\/wp-json\/wp\/v2\/tags?post=126385"}],"curies":[{"name":"wp","href":"https:\/\/api.w.org\/{rel}","templated":true}]}}