{"id":126398,"date":"2021-09-07T14:00:00","date_gmt":"2021-09-07T18:00:00","guid":{"rendered":"https:\/\/linitiative.ca\/International\/aux-urnes-citoyens\/"},"modified":"2021-09-07T14:00:00","modified_gmt":"2021-09-07T18:00:00","slug":"aux-urnes-citoyens","status":"publish","type":"post","link":"https:\/\/linitiative.ca\/International\/aux-urnes-citoyens\/","title":{"rendered":"Aux urnes, citoyens\u2026"},"content":{"rendered":"<div>\n<p class=\"has-text-align-center has-vivid-red-color has-text-color\"><strong>Aujourd\u2019hui des scrutins de grande importance<\/strong><\/p>\n<p class=\"has-text-align-right has-black-color has-text-color\"><strong>Mohamed Khalil<\/strong><\/p>\n<p class=\"has-black-color has-text-color\"><strong>Le Maroc organise, aujourd\u2019hui, un triple scrutin qui dessinera, pour les cinq ann\u00e9es \u00e0 venir, sa \u00ab\u00a0carte\u00a0\u00bb politique. Il s\u2019agit d\u2019une premi\u00e8re au Maroc avec trois \u00e9lections r\u00e9unies le m\u00eame jour\u00a0: les communales, les r\u00e9gionales et les l\u00e9gislatives. L\u2019espoir est que cette premi\u00e8re se traduise par un net retour des citoyennes et des citoyens aux urnes, longtemps abandonn\u00e9es. C\u00a0\u00bbest un devoir de citoyennet\u00e9, au-del\u00e0 de l\u2019opinion politique que l\u2019on pourrait avoir sur la marche du pays.\u00a0\u00a0<\/strong><\/p>\n<p class=\"has-black-color has-text-color\"><strong>Suivant une tendance internationale, avec toutefois de notables exceptions, au Maroc la participation aux diff\u00e9rents scrutins continue \u00e0 \u00eatre tir\u00e9e vers le bas, de mani\u00e8re constante et consistante.<\/strong><\/p>\n<p class=\"has-black-color has-text-color\"><strong>Les causes en sont multiples. Et, \u00e0 d\u00e9faut de sondages qui peuvent fournir quelques estimations et tendances, et en l\u2019absence de barom\u00e8tres\u00a0 pour mesurer le degr\u00e9 de satisfaction des citoyennes et des citoyens ainsi que des \u00e9lectrices et des \u00e9lecteurs, les explications des abstentions demeurent superflues.<\/strong><\/p>\n<p class=\"has-black-color has-text-color\"><strong>A force d\u2019y penser, il faudra dire, d\u2019abord, qu\u2019il s\u2019agit d\u2019une<\/strong>\u00a0<strong>crise de la repr\u00e9sentation. Car, depuis pr\u00e8s d\u2019un quart de si\u00e8cle, la crise de confiance a atteint, en s\u2019aggravant d\u2019ann\u00e9e en ann\u00e9e, le rapport entre le citoyen, les acteurs politiques et les institutions repr\u00e9sentatives.<\/strong><\/p>\n<p class=\"has-black-color has-text-color\"><strong>En langage politique cela d\u00e9montre, au fond, que la d\u00e9mocratie ne fonctionne pas bien, au point que le manque de confiance a atteint des niveaux tr\u00e8s inqui\u00e9tants pour un pays comme le n\u00f4tre. Cons\u00e9quence, le taux de participation \u00e0 tous les genres de scrutins baisse substantiellement d\u2019ann\u00e9e en ann\u00e9e.<\/strong><\/p>\n<p class=\"has-black-color has-text-color\"><strong>C\u2019est ce qui explique, grosso-modo, la forte tendance \u00e0 d\u00e9serter les urnes et le manque d\u2019int\u00e9r\u00eat pour la chose politique et \u00e9lectorale.<\/strong><\/p>\n<p class=\"has-black-color has-text-color\"><strong>Mais une autre explication compl\u00e9mentaire r\u00e9side dans le manque de d\u00e9bat public et, surtout, critique vis-\u00e0-vis des d\u00e9cideurs institutionnels et politiques. Et, puis, la d\u00e9mocratie ce n\u2019est pas uniquement les scrutins de vote. C\u2019est l\u2019Etat de droit, les libert\u00e9s, le fonctionnement de la Justice, etc.<\/strong><\/p>\n<p class=\"has-black-color has-text-color\"><strong>Les institutions sont per\u00e7ues aujourd\u2019hui comme des instances complaisantes \u00e0 l\u2019\u00e9gard des pouvoirs publics et leur pr\u00e9sence est consid\u00e9r\u00e9e sans r\u00e9el impact sur le v\u00e9cu des Marocaines et Marocains, dans leur globalit\u00e9, laiss\u00e9s \u00e0 leurs sorts, notamment les plus d\u00e9munis d\u2019entre eux, qui, parait-il, sont ceux qui se d\u00e9placent en nombre aux circonscriptions \u00e9lectorales\u2026<\/strong><\/p>\n<p class=\"has-black-color has-text-color\"><strong>Et c\u2019est cela qui fait que nous sommes loin des ann\u00e9es de gloire et des scrutins \u00e0 fortes participations.<\/strong><\/p>\n<p class=\"has-black-color has-text-color\"><strong>Les plus r\u00e9ticents estiment, \u00e0 tort, qu\u2019il n\u2019y a pas d\u2019enjeux politiques, semant ainsi la confusion dans certains esprits et poussant certains citoyens dont le quotidien et le portefeuille sont affect\u00e9s substantiellement.<\/strong><\/p>\n<p class=\"has-black-color has-text-color\"><strong>Or les trois scrutins peuvent constituer une v\u00e9ritable alternance \u00e0 la situation de crise.<\/strong><\/p>\n<p class=\"has-black-color has-text-color\"><strong>Oui une participation massive aux \u00e9lections du 8 septembre peut influer positivement et faire changer les orientations politiques et sociales du pays. Elle peut et doit renforcer la l\u00e9gitimit\u00e9 d\u00e9mocratique.<\/strong><\/p>\n<p class=\"has-black-color has-text-color\"><strong>C\u2019est pourquoi il convient d\u2019insister et appeler les citoyennes et les citoyens \u00e0 faire preuve de civisme et de citoyennet\u00e9, en se d\u00e9pla\u00e7ant massivement, aujourd\u2019hui, aux bureaux de vote pour exprimer leur int\u00e9r\u00eat \u00e0 contribuer \u00e0 la vie communale, r\u00e9gionale et nationale.<\/strong><\/p>\n<p class=\"has-black-color has-text-color\"><strong>C\u2019est un devoir que la conjoncture sanitaire, n\u00e9e de la dangereuse pand\u00e9mie, dicte \u00e0 toutes et \u00e0 tous pour contribuer, collectivement, au d\u00e9veloppement multidimensionnel de notre Patrie.<\/strong><\/p>\n<p class=\"has-black-color has-text-color\"><strong>Aux urnes, citoyens\u2026<\/strong><\/p>\n<p>L\u2019article <a rel=\"nofollow\" href=\"http:\/\/albayane.press.ma\/aux-urnes-citoyens.html\">Aux urnes, citoyens\u2026<\/a> est apparu en premier sur <a rel=\"nofollow\" href=\"http:\/\/albayane.press.ma\/\">ALBAYANE<\/a>.<\/p>\n<\/div>\n<p>Auteur: M&rsquo;hammed rahal<br \/>\n<a href=\"http:\/\/albayane.press.ma\/aux-urnes-citoyens.html\">Cliquez ici pour lire l&rsquo;article depuis sa source.<\/a><\/p>\n","protected":false},"excerpt":{"rendered":"<p>Aujourd\u2019hui des scrutins de grande importance Mohamed Khalil Le Maroc organise, aujourd\u2019hui, un triple scrutin qui dessinera, pour les cinq ann\u00e9es \u00e0 venir, sa \u00ab\u00a0carte\u00a0\u00bb politique. Il s\u2019agit d\u2019une premi\u00e8re au Maroc avec trois \u00e9lections r\u00e9unies le m\u00eame jour\u00a0: les communales, les r\u00e9gionales et les l\u00e9gislatives. L\u2019espoir est que cette premi\u00e8re se traduise par un [&hellip;]<\/p>\n","protected":false},"author":1760,"featured_media":0,"comment_status":"closed","ping_status":"closed","sticky":false,"template":"","format":"standard","meta":{"fifu_image_url":"","fifu_image_alt":"","footnotes":""},"categories":[73,54],"tags":[],"class_list":["post-126398","post","type-post","status-publish","format-standard","hentry","category-actualite","category-maroc"],"_links":{"self":[{"href":"https:\/\/linitiative.ca\/International\/wp-json\/wp\/v2\/posts\/126398","targetHints":{"allow":["GET"]}}],"collection":[{"href":"https:\/\/linitiative.ca\/International\/wp-json\/wp\/v2\/posts"}],"about":[{"href":"https:\/\/linitiative.ca\/International\/wp-json\/wp\/v2\/types\/post"}],"author":[{"embeddable":true,"href":"https:\/\/linitiative.ca\/International\/wp-json\/wp\/v2\/users\/1760"}],"replies":[{"embeddable":true,"href":"https:\/\/linitiative.ca\/International\/wp-json\/wp\/v2\/comments?post=126398"}],"version-history":[{"count":0,"href":"https:\/\/linitiative.ca\/International\/wp-json\/wp\/v2\/posts\/126398\/revisions"}],"wp:attachment":[{"href":"https:\/\/linitiative.ca\/International\/wp-json\/wp\/v2\/media?parent=126398"}],"wp:term":[{"taxonomy":"category","embeddable":true,"href":"https:\/\/linitiative.ca\/International\/wp-json\/wp\/v2\/categories?post=126398"},{"taxonomy":"post_tag","embeddable":true,"href":"https:\/\/linitiative.ca\/International\/wp-json\/wp\/v2\/tags?post=126398"}],"curies":[{"name":"wp","href":"https:\/\/api.w.org\/{rel}","templated":true}]}}