{"id":126399,"date":"2021-09-07T14:00:00","date_gmt":"2021-09-07T18:00:00","guid":{"rendered":"https:\/\/linitiative.ca\/International\/botola-pro-d1-inwi-2021-2022-un-raja-euphorique-a-linternational-espere-renouer-avec-le-titre-du-championnat-national\/"},"modified":"2021-09-07T14:00:00","modified_gmt":"2021-09-07T18:00:00","slug":"botola-pro-d1-inwi-2021-2022-un-raja-euphorique-a-linternational-espere-renouer-avec-le-titre-du-championnat-national","status":"publish","type":"post","link":"https:\/\/linitiative.ca\/International\/botola-pro-d1-inwi-2021-2022-un-raja-euphorique-a-linternational-espere-renouer-avec-le-titre-du-championnat-national\/","title":{"rendered":"Botola Pro D1 \u00ab\u00a0Inwi\u00a0\u00bb (2021-2022): Un Raja euphorique \u00e0 l\u2019international, esp\u00e8re renouer avec le titre du championnat national"},"content":{"rendered":"<div>\n<p class=\"has-text-align-right has-black-color has-text-color\"><strong>Par Karim Kharbach(MAP)<\/strong><\/p>\n<p class=\"has-black-color has-text-color\"><strong>Le Raja de Casablanca entamera la saison 2021-2022 de la Botola Pro D1 \u00ab\u00a0Inwi\u00a0\u00bb dans l\u2019euphorie des deux sacres internationaux remport\u00e9s lors de la saison sportive \u00e9coul\u00e9e, \u00e0 savoir la Coupe de la CAF et la Coupe arabe, tout en aspirant \u00e0 remporter le titre national qui a \u00e9chapp\u00e9 \u00e0 son palmar\u00e8s au profit de son rival \u00e9ternel le Wydad de Casablanca.<\/strong><\/p>\n<p class=\"has-black-color has-text-color\">Vainqueur de la Coupe Mohammed VI des clubs arabes champions face \u00e0 l\u2019Ittihad de Jeddah (4-4, 4-3 t.a.b) et de la Coupe de la Conf\u00e9d\u00e9ration africaine en battant l\u2019\u00e9quipe alg\u00e9rienne de la Jeunesse Sportive de Kabylie (2-1), les co\u00e9quipiers d\u2019Anas Zniti n\u2019esp\u00e9raient pas mieux pour entamer la nouvelle saison dans une ambiance exceptionnelle.<\/p>\n<p class=\"has-black-color has-text-color\">Toutefois, le club casablancais, qui a connu une ann\u00e9e difficile apr\u00e8s le d\u00e9part du pr\u00e9sident Jaouad Ziyat au d\u00e9but de la saison \u00e9coul\u00e9e, essaie toujours de r\u00e9organiser ses rangs, sous la direction de M. Rachid Andaloussi, en pr\u00e9vision de l\u2019assembl\u00e9e g\u00e9n\u00e9rale ordinaire qui se tiendra le 14 septembre.<\/p>\n<p class=\"has-black-color has-text-color\">Financi\u00e8rement, le club a pu remettre, en partie, sa comptabilit\u00e9 sur les rails gr\u00e2ce \u00e0 l\u2019on\u00e9reuse Coupe arabe et la prime de la Coupe de la CAF, ainsi qu\u2019au montant all\u00e9chant des transferts de ses deux stars Soufiane Rahimi, au club \u00e9mirati d\u2019Al Ain, et Ben Malango, qui \u00e9voluera \u00e9galement aux Emirats arabes unis avec le club de Sharjah SC.<\/p>\n<p class=\"has-black-color has-text-color\">Apr\u00e8s le d\u00e9part des deux piliers de l\u2019attaque des Verts, la t\u00e2che de l\u2019entra\u00eeneur tunisien, Lassaad Chabbi, qui b\u00e9n\u00e9ficie toujours de la confiance du Raja apr\u00e8s une saison exceptionnelle, ne sera pas facile pour combler le vide que laisseront le duo Rahimi-Malango, qui comptabilisent \u00e0 eux seuls 30 buts et 18 passes d\u00e9cisives en Botola pro D1 (2020-2021).<\/p>\n<p class=\"has-black-color has-text-color\">Le milieu de terrain Ayoub Nanah et l\u2019ailier Noah Sadaoui ont \u00e9galement quitt\u00e9 le navire, pour jeter l\u2019ancre respectivement au FUS de Rabat et \u00e0 l\u2019AS FAR, apr\u00e8s une saison moyenne, qui n\u2019a pas \u00e9t\u00e9 \u00e0 la hauteur des attentes.<\/p>\n<p class=\"has-black-color has-text-color\">Afin de renforcer l\u2019effectif actuel, la direction du Raja a fait appel \u00e0 Mohamed Nahiri, libre de tout contrat, pour apporter plus d\u2019efficacit\u00e9 sur les deux flancs, qui manquaient d\u2019exp\u00e9rience. Pour sa part, Hamid Ahadad a fait son retour apr\u00e8s son premier passage r\u00e9ussi chez les Verts et une aventure avort\u00e9e au club \u00e9gyptien du Zamalek.<\/p>\n<p class=\"has-black-color has-text-color\">Le club casablancais a proc\u00e9d\u00e9 \u00e9galement au recrutement de Jamal Harkass, en provenance du Mouloudia d\u2019Oujda, pour pallier aux lacunes de la d\u00e9fense, de l\u2019attaquant Omar El Amrani, rapatri\u00e9 de Malaga, et du milieu de terrain burkinab\u00e9, Sami Hien. Ce qui ne d\u00e9plaira pas \u00e0 Lassaad Chabbi qui esp\u00e8re avoir une \u00e9quipe comp\u00e9titive, surtout que les Aigles Verts disputeront cette saison quatre comp\u00e9titions.<\/p>\n<p class=\"has-black-color has-text-color\">Cependant, le mercato est toujours ouvert jusqu\u2019au 9 septembre, un jour avant le lancement officiel du championnat, ce qui n\u2019emp\u00eacherait pas de nouveaux arrivants et surtout des d\u00e9parts, qui sont de plus en plus n\u00e9cessaires afin d\u2019all\u00e9ger les charges du club.<\/p>\n<p class=\"has-black-color has-text-color\">Dans l\u2019objectif de trouver les m\u00e9canismes et l\u2019homog\u00e9n\u00e9it\u00e9 entre les anciens de l\u2019\u00e9quipe et les nouvelles recrues, le Raja poursuit sa pr\u00e9paration pour cette nouvelle saison \u00e0 Marrakech dans le souci d\u2019\u00eatre en parfaite condition physique et mentale au d\u00e9but d\u2019un championnat national des plus prometteurs.<\/p>\n<p>L\u2019article <a rel=\"nofollow\" href=\"http:\/\/albayane.press.ma\/botola-pro-d1-inwi-2021-2022-un-raja-euphorique-a-linternational-espere-renouer-avec-le-titre-du-championnat-national.html\">Botola Pro D1 \u00ab\u00a0Inwi\u00a0\u00bb (2021-2022): Un Raja euphorique \u00e0 l\u2019international, esp\u00e8re renouer avec le titre du championnat national<\/a> est apparu en premier sur <a rel=\"nofollow\" href=\"http:\/\/albayane.press.ma\/\">ALBAYANE<\/a>.<\/p>\n<\/div>\n<p>Auteur: M&rsquo;hammed rahal<br \/>\n<a href=\"http:\/\/albayane.press.ma\/botola-pro-d1-inwi-2021-2022-un-raja-euphorique-a-linternational-espere-renouer-avec-le-titre-du-championnat-national.html\">Cliquez ici pour lire l&rsquo;article depuis sa source.<\/a><\/p>\n","protected":false},"excerpt":{"rendered":"<p>Par Karim Kharbach(MAP) Le Raja de Casablanca entamera la saison 2021-2022 de la Botola Pro D1 \u00ab\u00a0Inwi\u00a0\u00bb dans l\u2019euphorie des deux sacres internationaux remport\u00e9s lors de la saison sportive \u00e9coul\u00e9e, \u00e0 savoir la Coupe de la CAF et la Coupe arabe, tout en aspirant \u00e0 remporter le titre national qui a \u00e9chapp\u00e9 \u00e0 son palmar\u00e8s [&hellip;]<\/p>\n","protected":false},"author":1760,"featured_media":0,"comment_status":"closed","ping_status":"closed","sticky":false,"template":"","format":"standard","meta":{"fifu_image_url":"","fifu_image_alt":"","footnotes":""},"categories":[73,54],"tags":[],"class_list":["post-126399","post","type-post","status-publish","format-standard","hentry","category-actualite","category-maroc"],"_links":{"self":[{"href":"https:\/\/linitiative.ca\/International\/wp-json\/wp\/v2\/posts\/126399","targetHints":{"allow":["GET"]}}],"collection":[{"href":"https:\/\/linitiative.ca\/International\/wp-json\/wp\/v2\/posts"}],"about":[{"href":"https:\/\/linitiative.ca\/International\/wp-json\/wp\/v2\/types\/post"}],"author":[{"embeddable":true,"href":"https:\/\/linitiative.ca\/International\/wp-json\/wp\/v2\/users\/1760"}],"replies":[{"embeddable":true,"href":"https:\/\/linitiative.ca\/International\/wp-json\/wp\/v2\/comments?post=126399"}],"version-history":[{"count":0,"href":"https:\/\/linitiative.ca\/International\/wp-json\/wp\/v2\/posts\/126399\/revisions"}],"wp:attachment":[{"href":"https:\/\/linitiative.ca\/International\/wp-json\/wp\/v2\/media?parent=126399"}],"wp:term":[{"taxonomy":"category","embeddable":true,"href":"https:\/\/linitiative.ca\/International\/wp-json\/wp\/v2\/categories?post=126399"},{"taxonomy":"post_tag","embeddable":true,"href":"https:\/\/linitiative.ca\/International\/wp-json\/wp\/v2\/tags?post=126399"}],"curies":[{"name":"wp","href":"https:\/\/api.w.org\/{rel}","templated":true}]}}