{"id":126400,"date":"2021-09-07T14:00:00","date_gmt":"2021-09-07T18:00:00","guid":{"rendered":"https:\/\/linitiative.ca\/International\/les-electeurs-mercredi-aux-urnes\/"},"modified":"2021-09-07T14:00:00","modified_gmt":"2021-09-07T18:00:00","slug":"les-electeurs-mercredi-aux-urnes","status":"publish","type":"post","link":"https:\/\/linitiative.ca\/International\/les-electeurs-mercredi-aux-urnes\/","title":{"rendered":"Les \u00e9lecteurs mercredi aux urnes"},"content":{"rendered":"<div>\n<p class=\"has-text-align-center has-vivid-red-color has-text-color\"><strong>Elections du 8 septembre<\/strong><\/p>\n<p class=\"has-text-align-right has-black-color has-text-color\"><strong>Par Tayeb Gouzrar \u2013 MAP<\/strong><\/p>\n<p class=\"has-black-color has-text-color\"><strong>Les \u00e9lecteurs marocains se rendront mercredi aux urnes pour \u00e9lire les membres de la Chambre des repr\u00e9sentants, les membres des conseils communaux et d\u2019arrondissements, ainsi que ceux des conseils des r\u00e9gions, une \u00e9tape importante dans la consolidation de la pratique d\u00e9mocratique au Maroc.<\/strong><\/p>\n<p class=\"has-black-color has-text-color\">Selon les listes \u00e9lectorales arr\u00eat\u00e9es le 30 juillet 2021, quelque 17 509 127 citoyens se sont inscrits pour participer \u00e0 ce scrutin, dont 54% d\u2019hommes et 46% de femmes. Plus de la moiti\u00e9 des \u00e9lecteurs est issue du milieu urbain soit 54% contre 46 % qui proviennent des zones rurales.<\/p>\n<p class=\"has-black-color has-text-color\">La r\u00e9partition par tranche d\u2019\u00e2ge rel\u00e8ve que 23 % des \u00e9lecteurs ont 60 ans ou plus, 9 % ont entre 55 et 59 ans, 20 % ont entre 45 et 54 ans, 21 % ont entre 35 et 44 ans, 19 % entre 25 et 34 ans et 8 % ont entre 18 et 24 ans.<br \/>Selon les donn\u00e9es officielles du minist\u00e8re de l\u2019Int\u00e9rieur, le nombre de listes de candidatures soumises au niveau national pour l\u2019\u00e9lection des membres de la Chambre des repr\u00e9sentants, sur le total des circonscriptions \u00e9lectorales locales et r\u00e9gionales, a atteint un total de 1704 listes, contre 678 listes pour l\u2019\u00e9lection des membres des Conseils r\u00e9gionaux.<\/p>\n<p class=\"has-black-color has-text-color\">Au niveau national, ce sont 157.569 candidatures qui ont \u00e9t\u00e9 d\u00e9pos\u00e9es pour les \u00e9lections des conseils communaux et d\u2019arrondissements.<\/p>\n<p class=\"has-black-color has-text-color\">La campagne \u00e9lectorale qui prend fin ce mardi 7 septembre \u00e0 minuit, a constitu\u00e9 une occasion pour les formations politiques participantes de pr\u00e9senter aux \u00e9lecteurs leurs programmes et projets socio-\u00e9conomiques et culturels et de les d\u00e9fendre en vue de les convaincre des solutions qu\u2019elles proposent pour faire face aux diff\u00e9rents d\u00e9fis auxquels le pays est confront\u00e9.<\/p>\n<p class=\"has-black-color has-text-color\">Cette campagne s\u2019est d\u00e9roul\u00e9e dans un contexte exceptionnel caract\u00e9ris\u00e9 par la propagation de l\u2019\u00e9pid\u00e9mie de Covid-19 et les contraintes qu\u2019elle imposait \u00e0 la campagne \u00e9lectorale dans sa forme traditionnelle, ce qui a incit\u00e9 les partis politiques \u00e0 adapter leurs strat\u00e9gies de communication en recourant aux supports de communication modernes dans leurs campagnes \u00e9lectorales comme Internet et les r\u00e9seaux sociaux, qui se sont ajout\u00e9s aux op\u00e9rations de distribution de tracts et d\u2019affiches, et d\u2019organisation de rassemblements en nombre limit\u00e9 tout en respectant les proc\u00e9dures approuv\u00e9es par les autorit\u00e9s dans le cadre de la gestion de la pand\u00e9mie.<\/p>\n<p class=\"has-black-color has-text-color\">Au cours de cette campagne, les partis politiques concurrents ont mis en avant leur conception d\u2019un Maroc meilleur en proposant des voies pour parvenir \u00e0 une transformation structurelle, tout en s\u2019appuyant notamment sur les recommandations pertinentes contenues dans le rapport sur le nouveau mod\u00e8le de d\u00e9veloppement qui esquissait le renouveau \u00e9conomique souhait\u00e9 par les citoyens marocains.<\/p>\n<p class=\"has-black-color has-text-color\">L\u2019emploi, notamment chez les jeunes, l\u2019am\u00e9lioration du pouvoir d\u2019achat des citoyens, la pr\u00e9servation de la dignit\u00e9 des personnes \u00e2g\u00e9es et n\u00e9cessiteuses, ainsi que le renforcement de l\u2019industrie nationale et de l\u2019attractivit\u00e9 du Royaume, sont parmi les mesures les plus marquantes annonc\u00e9es par les formations politiques dans le cadre de ce processus \u00e9lectoral, le but dans le but de jeter les bases d\u2019une \u00e9conomie plus forte et plus solide.<\/p>\n<p class=\"has-black-color has-text-color\">Les partis ont \u00e9galement discut\u00e9 de leur vision concernant le d\u00e9veloppement des secteurs de la sant\u00e9 et de l\u2019\u00e9ducation et la g\u00e9n\u00e9ralisation de la couverture sociale, et en ont fait des axes importants dans leur programme \u00e9lectoral dans l\u2019espoir d\u2019attirer les voix des \u00e9lecteurs et de les motiver \u00e0 participer aux \u00e9lections, notamment les jeunes en vue de les encourager \u00e0 participer au processus politique.<\/p>\n<p class=\"has-black-color has-text-color\">Les \u00e9lections l\u00e9gislatives, locales et r\u00e9gionales se d\u00e9roulent dans le cadre des nouvelles \u00e9volutions du syst\u00e8me juridique encadrant le processus \u00e9lectoral, notamment le nouveau quotient \u00e9lectoral, l\u2019abolissement du seuil et l\u2019\u00e9largissement des cas d\u2019incompatibilit\u00e9 en ce qui concerne l\u2019appartenance \u00e0 la Chambre des repr\u00e9sentants, la pr\u00e9sidence de la r\u00e9gion et la pr\u00e9sidence d\u2019un conseil communal ou d\u2019une assembl\u00e9e provinciale ou avec la pr\u00e9sidence d\u2019un conseil d\u2019une commune dont le nombre d\u2019habitants d\u00e9passe 300.000 \u00e2mes.<\/p>\n<p class=\"has-black-color has-text-color\">Pour r\u00e9ussir ces \u00e9lections et assurer leur d\u00e9roulement dans un climat d\u2019\u00e9galit\u00e9 entre les candidats, loin de toute atteinte \u00e0 la cr\u00e9dibilit\u00e9 des \u00e9lections et \u00e0 la concurrence loyale, il a \u00e9t\u00e9 proc\u00e9d\u00e9 \u00e0 la mise en place de garanties juridiques et proc\u00e9durales n\u00e9cessaires dans le cadre de la consolidation de la pratique d\u00e9mocratique.<\/p>\n<p class=\"has-black-color has-text-color\">En ce qui concerne l\u2019observation ind\u00e9pendante et impartiale des \u00e9lections du 8 septembre, plus de 4.500 observateurs repr\u00e9sentant 44 ONG nationales ont \u00e9t\u00e9 accr\u00e9dit\u00e9s par le Comit\u00e9 sp\u00e9cial d\u2019accr\u00e9ditation des observateurs \u00e9lectoraux.<br \/>Ces observateurs, qui repr\u00e9sentent \u00e9galement le Conseil National des Droits de l\u2019Homme, seront r\u00e9partis dans toutes les r\u00e9gions du Royaume. En outre, 19 organisations et organes internationaux, repr\u00e9sent\u00e9s par plus d\u2019une centaine d\u2019observateurs ont \u00e9t\u00e9 accr\u00e9dit\u00e9s dans le cadre de ces \u00e9lections.<\/p>\n<p>L\u2019article <a rel=\"nofollow\" href=\"http:\/\/albayane.press.ma\/les-electeurs-mercredi-aux-urnes.html\">Les \u00e9lecteurs mercredi aux urnes<\/a> est apparu en premier sur <a rel=\"nofollow\" href=\"http:\/\/albayane.press.ma\/\">ALBAYANE<\/a>.<\/p>\n<\/div>\n<p>Auteur: M&rsquo;hammed rahal<br \/>\n<a href=\"http:\/\/albayane.press.ma\/les-electeurs-mercredi-aux-urnes.html\">Cliquez ici pour lire l&rsquo;article depuis sa source.<\/a><\/p>\n","protected":false},"excerpt":{"rendered":"<p>Elections du 8 septembre Par Tayeb Gouzrar \u2013 MAP Les \u00e9lecteurs marocains se rendront mercredi aux urnes pour \u00e9lire les membres de la Chambre des repr\u00e9sentants, les membres des conseils communaux et d\u2019arrondissements, ainsi que ceux des conseils des r\u00e9gions, une \u00e9tape importante dans la consolidation de la pratique d\u00e9mocratique au Maroc. Selon les listes [&hellip;]<\/p>\n","protected":false},"author":1760,"featured_media":0,"comment_status":"closed","ping_status":"closed","sticky":false,"template":"","format":"standard","meta":{"fifu_image_url":"","fifu_image_alt":"","footnotes":""},"categories":[73,54],"tags":[],"class_list":["post-126400","post","type-post","status-publish","format-standard","hentry","category-actualite","category-maroc"],"_links":{"self":[{"href":"https:\/\/linitiative.ca\/International\/wp-json\/wp\/v2\/posts\/126400","targetHints":{"allow":["GET"]}}],"collection":[{"href":"https:\/\/linitiative.ca\/International\/wp-json\/wp\/v2\/posts"}],"about":[{"href":"https:\/\/linitiative.ca\/International\/wp-json\/wp\/v2\/types\/post"}],"author":[{"embeddable":true,"href":"https:\/\/linitiative.ca\/International\/wp-json\/wp\/v2\/users\/1760"}],"replies":[{"embeddable":true,"href":"https:\/\/linitiative.ca\/International\/wp-json\/wp\/v2\/comments?post=126400"}],"version-history":[{"count":0,"href":"https:\/\/linitiative.ca\/International\/wp-json\/wp\/v2\/posts\/126400\/revisions"}],"wp:attachment":[{"href":"https:\/\/linitiative.ca\/International\/wp-json\/wp\/v2\/media?parent=126400"}],"wp:term":[{"taxonomy":"category","embeddable":true,"href":"https:\/\/linitiative.ca\/International\/wp-json\/wp\/v2\/categories?post=126400"},{"taxonomy":"post_tag","embeddable":true,"href":"https:\/\/linitiative.ca\/International\/wp-json\/wp\/v2\/tags?post=126400"}],"curies":[{"name":"wp","href":"https:\/\/api.w.org\/{rel}","templated":true}]}}