{"id":126401,"date":"2021-09-07T14:00:00","date_gmt":"2021-09-07T18:00:00","guid":{"rendered":"https:\/\/linitiative.ca\/International\/le-maroc-se-prepare-aux-elections-legislatives\/"},"modified":"2021-09-07T14:00:00","modified_gmt":"2021-09-07T18:00:00","slug":"le-maroc-se-prepare-aux-elections-legislatives","status":"publish","type":"post","link":"https:\/\/linitiative.ca\/International\/le-maroc-se-prepare-aux-elections-legislatives\/","title":{"rendered":"Le Maroc se pr\u00e9pare aux \u00e9lections l\u00e9gislatives"},"content":{"rendered":"<div>\n<p class=\"has-text-align-center has-vivid-red-color has-text-color\"><strong>Soutenu par un partenariat renforc\u00e9 avec l\u2019UE<\/strong><\/p>\n<p class=\"has-text-align-left has-black-color has-text-color\"><strong>Le Maroc se pr\u00e9pare aux \u00e9lections l\u00e9gislatives soutenu par un partenariat renforc\u00e9 avec l\u2019UE, souligne le site d\u2019information \u00ab\u00a0Emerging Europe\u00a0\u00bb dans un article publi\u00e9 lundi.<\/strong><\/p>\n<p class=\"has-text-align-left has-black-color has-text-color\">La position du Royaume en tant que partenaire fiable pour l\u2019UE est susceptible d\u2019\u00eatre renforc\u00e9e davantage par les prochaines \u00e9lections parlementaires, affirme le m\u00e9dia europ\u00e9en qui revient sur les importantes r\u00e9formes consacr\u00e9es par la Constitution de 2011, soulignant que le r\u00e8gne de SM le Roi Mohammed VI est marqu\u00e9 par des r\u00e9formes int\u00e9rieures douces et par un repositionnement vigoureux de la politique \u00e9trang\u00e8re du Maroc.<\/p>\n<p class=\"has-text-align-left has-black-color has-text-color\">Le site d\u2019information europ\u00e9en met aussi en relief l\u2019importance de la cr\u00e9ation du Conseil national des droits de l\u2019homme, \u00ab\u00a0qui veille \u00e0 ce que le pays respecte ses engagements internationaux de protection et de promotion des droits de l\u2019homme\u00a0\u00bb. \u00ab\u00a0Des progr\u00e8s louables en mati\u00e8re de droits des femmes ont \u00e9galement \u00e9t\u00e9 r\u00e9alis\u00e9s\u00a0\u00bb, souligne la m\u00eame source, \u00e9voquant l\u2019adoption d\u2019une loi sur la violence \u00e0 l\u2019\u00e9gard des femmes laquelle a \u00ab\u00a0criminalis\u00e9 certaines formes de violence domestique, mis en place des mesures de pr\u00e9vention et fourni de nouvelles protections aux victimes\u00a0\u00bb.<\/p>\n<p class=\"has-text-align-left has-black-color has-text-color\">Le m\u00e9dia europ\u00e9en rappelle les nombreux accords de libre-\u00e9change conclus par le Royaume avec l\u2019Union europ\u00e9enne, les \u00c9tats-Unis et la Turquie, notant toutefois que \u00ab\u00a0c\u2019est bien avec l\u2019Union europ\u00e9enne que le Maroc entretient les relations les plus solides au cours des deux derni\u00e8res d\u00e9cennies\u00a0\u00bb. \u00ab\u00a0Le Maroc est en effet le partenaire le plus fiable de Bruxelles en Afrique\u00a0\u00bb, affirme le site d\u2019information, notant que le Royaume est d\u00e9sormais le 20\u00e8me partenaire commercial de l\u2019UE.<\/p>\n<p class=\"has-text-align-left has-black-color has-text-color\">\u00ab\u00a0L\u2019UE est quant \u00e0 elle le plus grand partenaire commercial du Maroc, repr\u00e9sentant 56% du commerce en 2019. Des marchandises d\u2019une valeur de 15,2 milliards d\u2019euros sont all\u00e9es \u00e0 l\u2019UE en 2020 (64% de toutes les exportations marocaines), tandis que 51% des importations marocaines proviennent de l\u2019UE (d\u2019une valeur de 20,1 milliards d\u2019euros)\u00a0\u00bb, souligne Emerging Europe.<\/p>\n<p class=\"has-text-align-left has-black-color has-text-color\">Ces relations commerciales fructueuses ont \u00e9galement ouvert la voie aux investissements de l\u2019UE au Maroc,\u00a0\u00bble plus r\u00e9ussi exemple \u00e9tant l\u2019usine automobile Renault-Nissan \u00e0 Tanger\u00a0\u00bb, fait observer le site \u00e9lectronique, mettant en avant l\u2019importance des avanc\u00e9es r\u00e9alis\u00e9es par le Royaume, dont la ligne \u00e0 grande vitesse (LGV) et la centrale solaire Noor, la plus grande du monde, qui alimente plus de deux millions de Marocains en \u00e9lectricit\u00e9 propre.<br \/>Le site d\u2019information revient \u00e9galement sur l\u2019\u00e9mergence du Maroc en tant que plaque tournante nord-africaine pour le commerce et les investissements europ\u00e9ens, notant toutefois que ceci n\u2019a nullement emp\u00each\u00e9 le Maroc de d\u00e9velopper des liens plus \u00e9troits avec le reste de l\u2019Afrique. S\u2019agissant de la lutte contre la pand\u00e9mie du coronavirus, le m\u00e9dia europ\u00e9en rappelle que le Maroc a ouvert r\u00e9cemment son programme de vaccination \u00e0 toutes les personnes \u00e2g\u00e9es de 12 ans ou plus, notant que la campagne de vaccination men\u00e9e par le Royaume demeure \u00ab\u00a0la plus r\u00e9ussie d\u2019Afrique\u00a0\u00bb.<\/p>\n<p class=\"has-text-align-left has-black-color has-text-color\">Le Maroc a d\u00e9j\u00e0 vaccin\u00e9 pr\u00e8s de 43% de ses 36 millions d\u2019habitants, une performance remarquable \u00e9tant donn\u00e9 qu\u2019aucun autre pays du continent africain n\u2019a encore atteint le seuil des 20 %, souligne le site d\u2019informations, notant que le Royaume a vaccin\u00e9 un taux sensiblement plus \u00e9lev\u00e9 de sa population que deux \u00c9tats membres de l\u2019UE, la Bulgarie et la Roumanie. \u00ab\u00a0En effet, la gestion par le Maroc de la pand\u00e9mie de Covid-19 a, dans son ensemble, \u00e9t\u00e9 impressionnante\u00a0\u00bb, se f\u00e9licite le m\u00e9dia europ\u00e9en.<\/p>\n<p class=\"has-text-align-left has-black-color has-text-color\">Dans un souci de booster la participation au prochain scrutin, les \u00e9lections municipales et r\u00e9gionales se d\u00e9roulent en parall\u00e8le : une premi\u00e8re au Maroc, poursuit le site \u00e9lectronique, qui reprend les propos d\u2019Abdelmalek Alaoui, pr\u00e9sident du think-tank marocain IMIS.<\/p>\n<p class=\"has-text-align-left has-black-color has-text-color\">Selon ce dernier, ces \u00e9lections \u00ab\u00a0d\u00e9montrent la maturit\u00e9 et la stabilit\u00e9 du mod\u00e8le marocain, dix ans apr\u00e8s le printemps arabe\u00a0\u00bb. Le Maroc est \u00e0 la crois\u00e9e des chemins en ce qui concerne son mod\u00e8le de d\u00e9veloppement et le nouveau gouvernement qui sera form\u00e9 dans les prochaines semaines aura la lourde t\u00e2che d\u2019ex\u00e9cuter la vision de SM Roi Mohammed VI de doubler le PIB du Maroc d\u2019ici 2035 et de rendre la croissance du pays encore plus inclusive, souligne M. Alaoui.<\/p>\n<p>L\u2019article <a rel=\"nofollow\" href=\"http:\/\/albayane.press.ma\/le-maroc-se-prepare-aux-elections-legislatives.html\">Le Maroc se pr\u00e9pare aux \u00e9lections l\u00e9gislatives<\/a> est apparu en premier sur <a rel=\"nofollow\" href=\"http:\/\/albayane.press.ma\/\">ALBAYANE<\/a>.<\/p>\n<\/div>\n<p>Auteur: M&rsquo;hammed rahal<br \/>\n<a href=\"http:\/\/albayane.press.ma\/le-maroc-se-prepare-aux-elections-legislatives.html\">Cliquez ici pour lire l&rsquo;article depuis sa source.<\/a><\/p>\n","protected":false},"excerpt":{"rendered":"<p>Soutenu par un partenariat renforc\u00e9 avec l\u2019UE Le Maroc se pr\u00e9pare aux \u00e9lections l\u00e9gislatives soutenu par un partenariat renforc\u00e9 avec l\u2019UE, souligne le site d\u2019information \u00ab\u00a0Emerging Europe\u00a0\u00bb dans un article publi\u00e9 lundi. La position du Royaume en tant que partenaire fiable pour l\u2019UE est susceptible d\u2019\u00eatre renforc\u00e9e davantage par les prochaines \u00e9lections parlementaires, affirme le [&hellip;]<\/p>\n","protected":false},"author":1760,"featured_media":0,"comment_status":"closed","ping_status":"closed","sticky":false,"template":"","format":"standard","meta":{"fifu_image_url":"","fifu_image_alt":"","footnotes":""},"categories":[73,54],"tags":[],"class_list":["post-126401","post","type-post","status-publish","format-standard","hentry","category-actualite","category-maroc"],"_links":{"self":[{"href":"https:\/\/linitiative.ca\/International\/wp-json\/wp\/v2\/posts\/126401","targetHints":{"allow":["GET"]}}],"collection":[{"href":"https:\/\/linitiative.ca\/International\/wp-json\/wp\/v2\/posts"}],"about":[{"href":"https:\/\/linitiative.ca\/International\/wp-json\/wp\/v2\/types\/post"}],"author":[{"embeddable":true,"href":"https:\/\/linitiative.ca\/International\/wp-json\/wp\/v2\/users\/1760"}],"replies":[{"embeddable":true,"href":"https:\/\/linitiative.ca\/International\/wp-json\/wp\/v2\/comments?post=126401"}],"version-history":[{"count":0,"href":"https:\/\/linitiative.ca\/International\/wp-json\/wp\/v2\/posts\/126401\/revisions"}],"wp:attachment":[{"href":"https:\/\/linitiative.ca\/International\/wp-json\/wp\/v2\/media?parent=126401"}],"wp:term":[{"taxonomy":"category","embeddable":true,"href":"https:\/\/linitiative.ca\/International\/wp-json\/wp\/v2\/categories?post=126401"},{"taxonomy":"post_tag","embeddable":true,"href":"https:\/\/linitiative.ca\/International\/wp-json\/wp\/v2\/tags?post=126401"}],"curies":[{"name":"wp","href":"https:\/\/api.w.org\/{rel}","templated":true}]}}