{"id":126402,"date":"2021-09-07T14:00:00","date_gmt":"2021-09-07T18:00:00","guid":{"rendered":"https:\/\/linitiative.ca\/International\/hcp-les-primo-votants-comptent-trois-millions-dindividus\/"},"modified":"2021-09-07T14:00:00","modified_gmt":"2021-09-07T18:00:00","slug":"hcp-les-primo-votants-comptent-trois-millions-dindividus","status":"publish","type":"post","link":"https:\/\/linitiative.ca\/International\/hcp-les-primo-votants-comptent-trois-millions-dindividus\/","title":{"rendered":"HCP : Les primo-votants comptent trois millions d\u2019individus"},"content":{"rendered":"<div>\n<p class=\"has-text-align-center has-vivid-red-color has-text-color\"><strong>\u00c9lections 2021<\/strong><\/p>\n<p><strong>Les primo-votants comptent 3,002 millions d\u2019individus en 2021 et constituent pr\u00e8s de 11,9% de la population marocaine en \u00e2ge de voter, selon le Haut commissariat au Plan (HCP).\u00a0 Il s\u2019agit des jeunes entre 18 et 22 ans qui auront, aux prochaines \u00e9ch\u00e9ances \u00e9lectorales, atteint, pour la premi\u00e8re fois, l\u2019\u00e2ge de voter, indique le HCP dans une note intitul\u00e9e \u00ab\u00a0Quelques caract\u00e9ristiques des primo-votants aux \u00e9lections de 2021\u00a0\u00bb, notant que chaque nouvelle \u00e9lection est l\u2019occasion d\u2019un renouvellement g\u00e9n\u00e9rationnel du corps \u00e9lectoral.<\/strong><\/p>\n<p>Dans ce document publi\u00e9 \u00e0 l\u2019occasion des triples \u00e9lections l\u00e9gislatives, r\u00e9gionales et communales pr\u00e9vues le 8 septembre 2021, le HCP pr\u00e9cise que parmi ces primo-votants on compterait 1,473 million de femmes (49,1%) et 1,792 million de citadins (59,7%).<\/p>\n<p>Selon les r\u00e9gions, le Grand Casablanca-Settat concentre pr\u00e8s du cinqui\u00e8me (19,1%) des primo-votants, suivie par la r\u00e9gion de Marrakech-Safi (13,6%), Rabat-Sal\u00e9-K\u00e9nitra (13,1%) et F\u00e8s-Mekn\u00e8s (12,2%).<br \/>En revanche, les r\u00e9gions de Guelmim-Oued Noun, La\u00e2youne-Sakia El Hamra et Dakhla-Oued Ed-Dahab enregistrent les proportions les plus faibles, respectivement 1,3%, 1,1% et 0,5% de l\u2019ensemble des primo-votants.<\/p>\n<p>Le HCP fait savoir en outre que pr\u00e8s de 9 primo-votants sur 10, soit 88,9% sont c\u00e9libataires, 98,6% parmi les hommes et 79% parmi les femmes. Alors que la part des mari\u00e9s est de l\u2019ordre de 10,8%. Elle est de 20,3% pour les femmes contre 1,4 % pour les hommes.<\/p>\n<p>Selon le niveau d\u2019instruction, un peu plus de la moiti\u00e9 des primo-votants (55,1%) ont le niveau secondaire (coll\u00e9gial avec 25,1% et qualifiant 30%), 24,5% ont le niveau sup\u00e9rieur, 16,2% ont le niveau primaire et 3,5% n\u2019ont aucun niveau d\u2019instruction.<\/p>\n<p>Selon l\u2019enqu\u00eate nationale sur l\u2019emploi, au deuxi\u00e8me trimestre de 2021, on compterait parmi les primo-votants pr\u00e8s de 18,9% d\u2019actifs occup\u00e9s, 18,4% des femmes au foyers et 51,6% d\u2019\u00e9l\u00e8ves ou \u00e9tudiants.<br \/>En outre, pr\u00e8s de trois primo-votants sur dix (29%) au niveau national ne travaillent pas, ne sont pas \u00e0 l\u2019\u00e9cole et ne suivent aucune formation. Pr\u00e8s de 72% d\u2019entre eux sont des filles. En milieu rural, environ 81% de cette cat\u00e9gorie sont des jeunes filles.<\/p>\n<p>Le taux d\u2019emploi des primo-votants, quant \u00e0 lui, est de 18,9% (29,4% parmi les hommes contre 8,3% parmi les femmes). Ce taux est plus \u00e9lev\u00e9 en milieu rural (31,7%) qu\u2019en milieu urbain (11,2%).<br \/>Au niveau national, les primo-votants actifs occup\u00e9s sont plus pr\u00e9sents dans le secteur de \u00ab\u00a0l\u2019agriculture, for\u00eat et p\u00eache\u201d avec une part de 49,8% de l\u2019emploi de cette cat\u00e9gorie.<\/p>\n<p>Le secteur des \u00ab\u00a0services\u00a0\u00bb constitue le deuxi\u00e8me secteur pourvoyeur d\u2019emplois avec une proportion de 29,3%, suivi de l\u2019industrie y compris l\u2019artisanat (10,9%) et des BTP (10,1%).<\/p>\n<p>La cat\u00e9gorie des primo-votants reste plus touch\u00e9e par le ch\u00f4mage, avec un taux de ch\u00f4mage qui atteint 30,1% ; les femmes plus que les hommes, avec des taux de ch\u00f4mage respectifs de 35,4% et de 28,5%. Dans les villes, le taux de ch\u00f4mage de cette cat\u00e9gorie est plus que le triple que dans la campagne avec respectivement 47% et 14%.<\/p>\n<p>L\u2019article <a rel=\"nofollow\" href=\"http:\/\/albayane.press.ma\/hcp-les-primo-votants-comptent-trois-millions-dindividus.html\">HCP : Les primo-votants comptent trois millions d\u2019individus<\/a> est apparu en premier sur <a rel=\"nofollow\" href=\"http:\/\/albayane.press.ma\/\">ALBAYANE<\/a>.<\/p>\n<\/div>\n<p>Auteur: M&rsquo;hammed rahal<br \/>\n<a href=\"http:\/\/albayane.press.ma\/hcp-les-primo-votants-comptent-trois-millions-dindividus.html\">Cliquez ici pour lire l&rsquo;article depuis sa source.<\/a><\/p>\n","protected":false},"excerpt":{"rendered":"<p>\u00c9lections 2021 Les primo-votants comptent 3,002 millions d\u2019individus en 2021 et constituent pr\u00e8s de 11,9% de la population marocaine en \u00e2ge de voter, selon le Haut commissariat au Plan (HCP).\u00a0 Il s\u2019agit des jeunes entre 18 et 22 ans qui auront, aux prochaines \u00e9ch\u00e9ances \u00e9lectorales, atteint, pour la premi\u00e8re fois, l\u2019\u00e2ge de voter, indique le [&hellip;]<\/p>\n","protected":false},"author":1760,"featured_media":0,"comment_status":"closed","ping_status":"closed","sticky":false,"template":"","format":"standard","meta":{"fifu_image_url":"","fifu_image_alt":"","footnotes":""},"categories":[73,54],"tags":[],"class_list":["post-126402","post","type-post","status-publish","format-standard","hentry","category-actualite","category-maroc"],"_links":{"self":[{"href":"https:\/\/linitiative.ca\/International\/wp-json\/wp\/v2\/posts\/126402","targetHints":{"allow":["GET"]}}],"collection":[{"href":"https:\/\/linitiative.ca\/International\/wp-json\/wp\/v2\/posts"}],"about":[{"href":"https:\/\/linitiative.ca\/International\/wp-json\/wp\/v2\/types\/post"}],"author":[{"embeddable":true,"href":"https:\/\/linitiative.ca\/International\/wp-json\/wp\/v2\/users\/1760"}],"replies":[{"embeddable":true,"href":"https:\/\/linitiative.ca\/International\/wp-json\/wp\/v2\/comments?post=126402"}],"version-history":[{"count":0,"href":"https:\/\/linitiative.ca\/International\/wp-json\/wp\/v2\/posts\/126402\/revisions"}],"wp:attachment":[{"href":"https:\/\/linitiative.ca\/International\/wp-json\/wp\/v2\/media?parent=126402"}],"wp:term":[{"taxonomy":"category","embeddable":true,"href":"https:\/\/linitiative.ca\/International\/wp-json\/wp\/v2\/categories?post=126402"},{"taxonomy":"post_tag","embeddable":true,"href":"https:\/\/linitiative.ca\/International\/wp-json\/wp\/v2\/tags?post=126402"}],"curies":[{"name":"wp","href":"https:\/\/api.w.org\/{rel}","templated":true}]}}