{"id":126415,"date":"2021-09-07T18:44:43","date_gmt":"2021-09-07T22:44:43","guid":{"rendered":"https:\/\/linitiative.ca\/International\/le-mois-de-safar-1443-debutera-jeudi-09-septembre-2021\/"},"modified":"2021-09-07T18:44:43","modified_gmt":"2021-09-07T22:44:43","slug":"le-mois-de-safar-1443-debutera-jeudi-09-septembre-2021","status":"publish","type":"post","link":"https:\/\/linitiative.ca\/International\/le-mois-de-safar-1443-debutera-jeudi-09-septembre-2021\/","title":{"rendered":"Le mois de Safar 1443 d\u00e9butera jeudi 09 septembre 2021"},"content":{"rendered":"<div>\n<div style=\"margin-bottom:20px;\"><img loading=\"lazy\" decoding=\"async\" width=\"750\" height=\"430\" src=\"https:\/\/linitiative.ca\/International\/wp-content\/uploads\/sites\/23\/2021\/09\/ministere-des-habous-750x430-DR.jpg\" class=\"attachment-post-thumbnail size-post-thumbnail wp-post-image\" alt=\"\" srcset=\"https:\/\/linitiative.ca\/International\/wp-content\/uploads\/sites\/23\/2021\/09\/ministere-des-habous-750x430-DR.jpg 750w, http:\/\/www.mapoujda.ma\/map\/uploads\/2021\/02\/ministere-des-habous-750x430-DR-300x172.jpg 300w\" sizes=\"auto, (max-width: 750px) 100vw, 750px\"><\/div>\n<p style=\"text-align: justify;\">Le mois de Safar 1443 de l\u2019h\u00e9gire d\u00e9butera le jeudi 09 septembre 2021, a annonc\u00e9, mardi soir, le minist\u00e8re des Habous et des Affaires islamiques.<\/p>\n<p style=\"text-align: justify;\">Dans un communiqu\u00e9, le minist\u00e8re indique avoir observ\u00e9 le croissant lunaire du mois de Safar ce mardi 29 Moharram 1443 de l\u2019H\u00e9gire, correspondant au 07 septembre 2021, apr\u00e8s le coucher du soleil, pr\u00e9cisant que \u00ab\u00a0tous les d\u00e9l\u00e9gu\u00e9s du minist\u00e8re dans le Royaume et les Unit\u00e9s des Forces arm\u00e9es royales associ\u00e9es \u00e0 l\u2019observation ont confirm\u00e9 la non-observation du croissant lunaire\u00a0\u00bb.<\/p>\n<p style=\"text-align: justify;\">De ce fait, le 1er Safar correspondra au jeudi 09 septembre 2021, selon la m\u00eame source.<\/p>\n<p style=\"text-align: justify;\">Puisse Dieu, en ce mois b\u00e9ni, combler de ses faveurs Amir Al Mouminine, Protecteur de la Nation et de la religion, SM le Roi Mohammed VI, que Dieu L\u2019assiste, et renouveler pareille occasion pour le Souverain dans le bien-\u00eatre et la b\u00e9n\u00e9diction, pour SAR le Prince H\u00e9ritier Moulay El Hassan et l\u2019ensemble des membres de l\u2019illustre Famille Royale dans les bienfaits et pour le peuple marocain et l\u2019ensemble de la Oumma islamique dans le progr\u00e8s, la prosp\u00e9rit\u00e9, la s\u00e9curit\u00e9 et la qui\u00e9tude.<\/p>\n<p>L\u2019article <a rel=\"nofollow\" href=\"http:\/\/www.mapoujda.ma\/fr\/le-mois-de-safar-1443-debutera-jeudi-09-septembre-2021\/\">Le mois de Safar 1443 d\u00e9butera jeudi 09 septembre 2021<\/a> est apparu en premier sur <a rel=\"nofollow\" href=\"http:\/\/www.mapoujda.ma\/fr\">MapOujda<\/a>.<\/p>\n<\/div>\n<p>Auteur: Soufiane ELAHMAR<br \/>\n<a href=\"http:\/\/www.mapoujda.ma\/fr\/le-mois-de-safar-1443-debutera-jeudi-09-septembre-2021\/\">Cliquez ici pour lire l&rsquo;article depuis sa source.<\/a><\/p>\n","protected":false},"excerpt":{"rendered":"<p>Le mois de Safar 1443 de l\u2019h\u00e9gire d\u00e9butera le jeudi 09 septembre 2021, a annonc\u00e9, mardi soir, le minist\u00e8re des Habous et des Affaires islamiques. Dans un communiqu\u00e9, le minist\u00e8re indique avoir observ\u00e9 le croissant lunaire du mois de Safar ce mardi 29 Moharram 1443 de l\u2019H\u00e9gire, correspondant au 07 septembre 2021, apr\u00e8s le coucher [&hellip;]<\/p>\n","protected":false},"author":1788,"featured_media":0,"comment_status":"closed","ping_status":"closed","sticky":false,"template":"","format":"standard","meta":{"fifu_image_url":"http:\/\/www.mapoujda.ma\/map\/uploads\/2021\/02\/ministere-des-habous-750x430-DR.jpg","fifu_image_alt":"Le mois de Safar 1443 d\u00e9butera jeudi 09 septembre 2021","footnotes":""},"categories":[54,76],"tags":[],"class_list":["post-126415","post","type-post","status-publish","format-standard","hentry","category-maroc","category-regions"],"_links":{"self":[{"href":"https:\/\/linitiative.ca\/International\/wp-json\/wp\/v2\/posts\/126415","targetHints":{"allow":["GET"]}}],"collection":[{"href":"https:\/\/linitiative.ca\/International\/wp-json\/wp\/v2\/posts"}],"about":[{"href":"https:\/\/linitiative.ca\/International\/wp-json\/wp\/v2\/types\/post"}],"author":[{"embeddable":true,"href":"https:\/\/linitiative.ca\/International\/wp-json\/wp\/v2\/users\/1788"}],"replies":[{"embeddable":true,"href":"https:\/\/linitiative.ca\/International\/wp-json\/wp\/v2\/comments?post=126415"}],"version-history":[{"count":0,"href":"https:\/\/linitiative.ca\/International\/wp-json\/wp\/v2\/posts\/126415\/revisions"}],"wp:attachment":[{"href":"https:\/\/linitiative.ca\/International\/wp-json\/wp\/v2\/media?parent=126415"}],"wp:term":[{"taxonomy":"category","embeddable":true,"href":"https:\/\/linitiative.ca\/International\/wp-json\/wp\/v2\/categories?post=126415"},{"taxonomy":"post_tag","embeddable":true,"href":"https:\/\/linitiative.ca\/International\/wp-json\/wp\/v2\/tags?post=126415"}],"curies":[{"name":"wp","href":"https:\/\/api.w.org\/{rel}","templated":true}]}}