{"id":126417,"date":"2021-09-08T07:36:17","date_gmt":"2021-09-08T11:36:17","guid":{"rendered":"https:\/\/linitiative.ca\/International\/ouverture-des-bureaux-de-vote-pour-les-elections-legislatives-communales-et-regionales\/"},"modified":"2021-09-08T07:36:17","modified_gmt":"2021-09-08T11:36:17","slug":"ouverture-des-bureaux-de-vote-pour-les-elections-legislatives-communales-et-regionales","status":"publish","type":"post","link":"https:\/\/linitiative.ca\/International\/ouverture-des-bureaux-de-vote-pour-les-elections-legislatives-communales-et-regionales\/","title":{"rendered":"Ouverture des bureaux de vote pour les \u00e9lections l\u00e9gislatives, communales et r\u00e9gionales"},"content":{"rendered":"<div>\n<div style=\"margin-bottom:20px;\"><img loading=\"lazy\" decoding=\"async\" width=\"750\" height=\"430\" src=\"https:\/\/linitiative.ca\/International\/wp-content\/uploads\/sites\/23\/2021\/09\/Tunisie-vote.jpg\" class=\"attachment-post-thumbnail size-post-thumbnail wp-post-image\" alt=\"\" srcset=\"https:\/\/linitiative.ca\/International\/wp-content\/uploads\/sites\/23\/2021\/09\/Tunisie-vote.jpg 750w, http:\/\/www.mapoujda.ma\/map\/uploads\/2021\/04\/Tunisie-vote-300x172.jpg 300w\" sizes=\"auto, (max-width: 750px) 100vw, 750px\"><\/div>\n<div>\n<p style=\"text-align: justify;\">Les bureaux de vote ont ouvert mercredi \u00e0 08h00 dans tout le Royaume, pour \u00e9lire les membres de la Chambre des repr\u00e9sentants, des conseils communaux et d\u2019arrondissements ainsi que les membres des conseils r\u00e9gionaux, a indiqu\u00e9 le minist\u00e8re de l\u2019Int\u00e9rieur.<\/p>\n<p style=\"text-align: justify;\">Selon les informations parvenues des pr\u00e9fectures, provinces et pr\u00e9fectures d\u2019arrondissements du Royaume, l\u2019ouverture des bureaux de vote s\u2019est d\u00e9roul\u00e9e dans des conditions normales, a pr\u00e9cis\u00e9 le minist\u00e8re dans un communiqu\u00e9.<\/p>\n<p style=\"text-align: justify;\">L\u2019op\u00e9ration de vote se poursuivra dans l\u2019ensemble du territoire nationale jusqu\u2019\u00e0 19h00.<\/p>\n<\/div>\n<p>L\u2019article <a rel=\"nofollow\" href=\"http:\/\/www.mapoujda.ma\/fr\/ouverture-des-bureaux-de-vote-pour-les-elections-legislatives-communales-et-regionales\/\">Ouverture des bureaux de vote pour les \u00e9lections l\u00e9gislatives, communales et r\u00e9gionales<\/a> est apparu en premier sur <a rel=\"nofollow\" href=\"http:\/\/www.mapoujda.ma\/fr\">MapOujda<\/a>.<\/p>\n<\/div>\n<p>Auteur: Soufiane ELAHMAR<br \/>\n<a href=\"http:\/\/www.mapoujda.ma\/fr\/ouverture-des-bureaux-de-vote-pour-les-elections-legislatives-communales-et-regionales\/\">Cliquez ici pour lire l&rsquo;article depuis sa source.<\/a><\/p>\n","protected":false},"excerpt":{"rendered":"<p>Les bureaux de vote ont ouvert mercredi \u00e0 08h00 dans tout le Royaume, pour \u00e9lire les membres de la Chambre des repr\u00e9sentants, des conseils communaux et d\u2019arrondissements ainsi que les membres des conseils r\u00e9gionaux, a indiqu\u00e9 le minist\u00e8re de l\u2019Int\u00e9rieur. Selon les informations parvenues des pr\u00e9fectures, provinces et pr\u00e9fectures d\u2019arrondissements du Royaume, l\u2019ouverture des bureaux [&hellip;]<\/p>\n","protected":false},"author":1788,"featured_media":0,"comment_status":"closed","ping_status":"closed","sticky":false,"template":"","format":"standard","meta":{"fifu_image_url":"http:\/\/www.mapoujda.ma\/map\/uploads\/2021\/04\/Tunisie-vote.jpg","fifu_image_alt":"Ouverture des bureaux de vote pour les \u00e9lections l\u00e9gislatives, communales et r\u00e9gionales","footnotes":""},"categories":[54,76],"tags":[],"class_list":["post-126417","post","type-post","status-publish","format-standard","hentry","category-maroc","category-regions"],"_links":{"self":[{"href":"https:\/\/linitiative.ca\/International\/wp-json\/wp\/v2\/posts\/126417","targetHints":{"allow":["GET"]}}],"collection":[{"href":"https:\/\/linitiative.ca\/International\/wp-json\/wp\/v2\/posts"}],"about":[{"href":"https:\/\/linitiative.ca\/International\/wp-json\/wp\/v2\/types\/post"}],"author":[{"embeddable":true,"href":"https:\/\/linitiative.ca\/International\/wp-json\/wp\/v2\/users\/1788"}],"replies":[{"embeddable":true,"href":"https:\/\/linitiative.ca\/International\/wp-json\/wp\/v2\/comments?post=126417"}],"version-history":[{"count":0,"href":"https:\/\/linitiative.ca\/International\/wp-json\/wp\/v2\/posts\/126417\/revisions"}],"wp:attachment":[{"href":"https:\/\/linitiative.ca\/International\/wp-json\/wp\/v2\/media?parent=126417"}],"wp:term":[{"taxonomy":"category","embeddable":true,"href":"https:\/\/linitiative.ca\/International\/wp-json\/wp\/v2\/categories?post=126417"},{"taxonomy":"post_tag","embeddable":true,"href":"https:\/\/linitiative.ca\/International\/wp-json\/wp\/v2\/tags?post=126417"}],"curies":[{"name":"wp","href":"https:\/\/api.w.org\/{rel}","templated":true}]}}