{"id":126419,"date":"2021-09-08T07:38:25","date_gmt":"2021-09-08T11:38:25","guid":{"rendered":"https:\/\/linitiative.ca\/International\/oujda-angad-plus-de-300-000-electeurs-appeles-aux-urnes\/"},"modified":"2021-09-08T07:38:25","modified_gmt":"2021-09-08T11:38:25","slug":"oujda-angad-plus-de-300-000-electeurs-appeles-aux-urnes","status":"publish","type":"post","link":"https:\/\/linitiative.ca\/International\/oujda-angad-plus-de-300-000-electeurs-appeles-aux-urnes\/","title":{"rendered":"Oujda-Angad : Plus de 300.000 \u00e9lecteurs appel\u00e9s aux urnes"},"content":{"rendered":"<div>\n<div style=\"margin-bottom:20px;\"><img loading=\"lazy\" decoding=\"async\" width=\"750\" height=\"430\" src=\"https:\/\/linitiative.ca\/International\/wp-content\/uploads\/sites\/23\/2021\/09\/Les-C3A9lections-des-chambres-professionnelles-C3A0-lOriental-750C397430-MAP.jpg\" class=\"attachment-post-thumbnail size-post-thumbnail wp-post-image\" alt=\"\" srcset=\"https:\/\/linitiative.ca\/International\/wp-content\/uploads\/sites\/23\/2021\/09\/Les-C3A9lections-des-chambres-professionnelles-C3A0-lOriental-750C397430-MAP.jpg 750w, http:\/\/www.mapoujda.ma\/map\/uploads\/2021\/08\/Les-\u00e9lections-des-chambres-professionnelles-\u00e0-lOriental-750\u00d7430-MAP-300x172.jpg 300w\" sizes=\"auto, (max-width: 750px) 100vw, 750px\"><\/div>\n<div>\n<p style=\"text-align: justify;\">Quelque 305.487 \u00e9lecteurs inscrits sur les listes \u00e9lectorales au niveau de la pr\u00e9fecture d\u2019Oujda-Angad sont appel\u00e9s, ce mercredi, \u00e0 voter aux \u00e9lections l\u00e9gislatives, communales et r\u00e9gionales.<\/p>\n<p style=\"text-align: justify;\">Cette masse \u00e9lectorale est concentr\u00e9e \u00e0 90,45 pc au niveau du milieu urbain, soit 276.306 \u00e9lecteurs, alors que le milieu rural compte 29.181 \u00e9lecteurs (9,55 pc).<\/p>\n<p style=\"text-align: justify;\">A cet effet, 457 bureaux de vote ont \u00e9t\u00e9 mis en place en milieu urbain, dont 429 au niveau de la commune d\u2019Oujda, ainsi que 96 bureaux de vote en milieu rural.<\/p>\n<p style=\"text-align: justify;\">Le nombre des bureaux centraux atteint 44 en milieu urbain, dont 41 \u00e0 la commune d\u2019Oujda, et 9 en milieu rural.<\/p>\n<p style=\"text-align: justify;\">Pour ce qui est des \u00e9lections l\u00e9gislatives, 20 listes \u00e9lectorales, comprenant un total de 80 candidats, sont en lice pour d\u00e9crocher 4 si\u00e8ges au niveau de la circonscription locale d\u2019Oujda-Angad, alors que pour la circonscription r\u00e9gionale de l\u2019Oriental, 7 si\u00e8ges sont convoit\u00e9s par un total de 140 candidats.<\/p>\n<p style=\"text-align: justify;\">Concernant les \u00e9lections communales, 16 listes sont en lice au niveau de la circonscription \u00e9lectorale de la commune d\u2019Oujda, qui compte 61 si\u00e8ges, alors que le nombre des candidats a atteint au total 976.<\/p>\n<p style=\"text-align: justify;\">Au niveau des \u00e9lections r\u00e9gionales, 15 listes sont en lice dans la circonscription d\u2019Oujda-Angad, totalisant 150 candidats.<\/p>\n<p style=\"text-align: justify;\">Les bureaux de vote ont ouvert mercredi \u00e0 08h00 dans tout le Royaume, pour \u00e9lire les membres de la Chambre des repr\u00e9sentants, des conseils communaux et d\u2019arrondissements ainsi que les membres des conseils r\u00e9gionaux, a indiqu\u00e9 le minist\u00e8re de l\u2019Int\u00e9rieur, ajoutant que l\u2019ouverture des bureaux de vote s\u2019est d\u00e9roul\u00e9e dans des conditions normales.<\/p>\n<p style=\"text-align: justify;\">L\u2019op\u00e9ration de vote se poursuivra dans l\u2019ensemble du territoire nationale jusqu\u2019\u00e0 19h00.<\/p>\n<\/div>\n<p>L\u2019article <a rel=\"nofollow\" href=\"http:\/\/www.mapoujda.ma\/fr\/oujda-angad-plus-de-300-000-electeurs-appeles-aux-urnes\/\">Oujda-Angad : Plus de 300.000 \u00e9lecteurs appel\u00e9s aux urnes<\/a> est apparu en premier sur <a rel=\"nofollow\" href=\"http:\/\/www.mapoujda.ma\/fr\">MapOujda<\/a>.<\/p>\n<\/div>\n<p>Auteur: Soufiane ELAHMAR<br \/>\n<a href=\"http:\/\/www.mapoujda.ma\/fr\/oujda-angad-plus-de-300-000-electeurs-appeles-aux-urnes\/\">Cliquez ici pour lire l&rsquo;article depuis sa source.<\/a><\/p>\n","protected":false},"excerpt":{"rendered":"<p>Quelque 305.487 \u00e9lecteurs inscrits sur les listes \u00e9lectorales au niveau de la pr\u00e9fecture d\u2019Oujda-Angad sont appel\u00e9s, ce mercredi, \u00e0 voter aux \u00e9lections l\u00e9gislatives, communales et r\u00e9gionales. Cette masse \u00e9lectorale est concentr\u00e9e \u00e0 90,45 pc au niveau du milieu urbain, soit 276.306 \u00e9lecteurs, alors que le milieu rural compte 29.181 \u00e9lecteurs (9,55 pc). A cet effet, [&hellip;]<\/p>\n","protected":false},"author":1788,"featured_media":0,"comment_status":"closed","ping_status":"closed","sticky":false,"template":"","format":"standard","meta":{"fifu_image_url":"http:\/\/www.mapoujda.ma\/map\/uploads\/2021\/08\/Les-\u00e9lections-des-chambres-professionnelles-\u00e0-lOriental-750\u00d7430-MAP.jpg","fifu_image_alt":"Oujda-Angad : Plus de 300.000 \u00e9lecteurs appel\u00e9s aux urnes","footnotes":""},"categories":[54,76],"tags":[],"class_list":["post-126419","post","type-post","status-publish","format-standard","hentry","category-maroc","category-regions"],"_links":{"self":[{"href":"https:\/\/linitiative.ca\/International\/wp-json\/wp\/v2\/posts\/126419","targetHints":{"allow":["GET"]}}],"collection":[{"href":"https:\/\/linitiative.ca\/International\/wp-json\/wp\/v2\/posts"}],"about":[{"href":"https:\/\/linitiative.ca\/International\/wp-json\/wp\/v2\/types\/post"}],"author":[{"embeddable":true,"href":"https:\/\/linitiative.ca\/International\/wp-json\/wp\/v2\/users\/1788"}],"replies":[{"embeddable":true,"href":"https:\/\/linitiative.ca\/International\/wp-json\/wp\/v2\/comments?post=126419"}],"version-history":[{"count":0,"href":"https:\/\/linitiative.ca\/International\/wp-json\/wp\/v2\/posts\/126419\/revisions"}],"wp:attachment":[{"href":"https:\/\/linitiative.ca\/International\/wp-json\/wp\/v2\/media?parent=126419"}],"wp:term":[{"taxonomy":"category","embeddable":true,"href":"https:\/\/linitiative.ca\/International\/wp-json\/wp\/v2\/categories?post=126419"},{"taxonomy":"post_tag","embeddable":true,"href":"https:\/\/linitiative.ca\/International\/wp-json\/wp\/v2\/tags?post=126419"}],"curies":[{"name":"wp","href":"https:\/\/api.w.org\/{rel}","templated":true}]}}