{"id":126421,"date":"2021-09-08T08:33:20","date_gmt":"2021-09-08T12:33:20","guid":{"rendered":"https:\/\/linitiative.ca\/International\/plus-de-74-000-electeurs-aux-urnes-dans-la-province-de-jerada\/"},"modified":"2021-09-08T08:33:20","modified_gmt":"2021-09-08T12:33:20","slug":"plus-de-74-000-electeurs-aux-urnes-dans-la-province-de-jerada","status":"publish","type":"post","link":"https:\/\/linitiative.ca\/International\/plus-de-74-000-electeurs-aux-urnes-dans-la-province-de-jerada\/","title":{"rendered":"Plus de 74.000 \u00e9lecteurs aux urnes dans la province de Jerada"},"content":{"rendered":"<div>\n<div style=\"margin-bottom:20px;\"><img loading=\"lazy\" decoding=\"async\" width=\"750\" height=\"430\" src=\"https:\/\/linitiative.ca\/International\/wp-content\/uploads\/sites\/23\/2021\/09\/des-C3A9lections-des-Chambres-professionnelles-C3A0-DrC3A2a-tafilalet-750C397430-MAP-1.jpg\" class=\"attachment-post-thumbnail size-post-thumbnail wp-post-image\" alt=\"\" srcset=\"https:\/\/linitiative.ca\/International\/wp-content\/uploads\/sites\/23\/2021\/09\/des-C3A9lections-des-Chambres-professionnelles-C3A0-DrC3A2a-tafilalet-750C397430-MAP-1.jpg 750w, http:\/\/www.mapoujda.ma\/map\/uploads\/2021\/09\/des-\u00e9lections-des-Chambres-professionnelles-\u00e0-Dr\u00e2a-tafilalet-750\u00d7430-MAP-1-300x172.jpg 300w\" sizes=\"auto, (max-width: 750px) 100vw, 750px\"><\/div>\n<p style=\"text-align: justify;\">Quelque 74.153 \u00e9lecteurs inscrits sur les listes \u00e9lectorales au niveau de la province de Jerada sont attendus, ce mercredi, aux urnes pour choisir leurs repr\u00e9sentants dans les Collectivit\u00e9s territoriales, la Chambre des Repr\u00e9sentants et le Conseil r\u00e9gional de l\u2019Oriental.<\/p>\n<p style=\"text-align: justify;\">Les \u00e9lecteurs sont r\u00e9partis entre le milieu urbain qui compte un total de 39.802, soit 53,67 pc des inscrits sur les listes \u00e9lectorales dans la province, et le monde rural avec 34.351 \u00e9lecteurs (46,32 pc).<\/p>\n<p style=\"text-align: justify;\">Tous les moyens ont \u00e9t\u00e9 mobilis\u00e9s pour le bon d\u00e9roulement et la r\u00e9ussite de ces \u00e9ch\u00e9ances, dont l\u2019am\u00e9nagement de 222 bureaux de vote (93 en milieu urbain et 129 en milieu rural), alors que les bureaux centraux sont au nombre de 45 (17 en milieu rural et 28 en zone urbaine).<\/p>\n<p style=\"text-align: justify;\">Le nombre des candidats aux \u00e9lections communales dans la province de Jerada (scrutin individuel) s\u2019\u00e9l\u00e8ve \u00e0 869 repr\u00e9sentants diff\u00e9rents partis politiques, tandis que le nombre des membres des conseils communaux est de 254.<\/p>\n<p style=\"text-align: justify;\">Quant aux \u00e9lections l\u00e9gislatives, onze listes sont en lice pour pourvoir deux si\u00e8ges avec un total de 22 candidats dans le cadre de l\u2019\u00e9lection des membres de la Chambre des Repr\u00e9sentants dans la circonscription locale.<\/p>\n<p style=\"text-align: justify;\">En ce qui concerne la circonscription \u00e9lectorale r\u00e9gionale, 50 candidats relevant de 10 listes sont en lice pour briguer 5 si\u00e8ges.<\/p>\n<p>L\u2019article <a rel=\"nofollow\" href=\"http:\/\/www.mapoujda.ma\/fr\/plus-de-74-000-electeurs-aux-urnes-dans-la-province-de-jerada\/\">Plus de 74.000 \u00e9lecteurs aux urnes dans la province de Jerada<\/a> est apparu en premier sur <a rel=\"nofollow\" href=\"http:\/\/www.mapoujda.ma\/fr\">MapOujda<\/a>.<\/p>\n<\/div>\n<p>Auteur: Soufiane ELAHMAR<br \/>\n<a href=\"http:\/\/www.mapoujda.ma\/fr\/plus-de-74-000-electeurs-aux-urnes-dans-la-province-de-jerada\/\">Cliquez ici pour lire l&rsquo;article depuis sa source.<\/a><\/p>\n","protected":false},"excerpt":{"rendered":"<p>Quelque 74.153 \u00e9lecteurs inscrits sur les listes \u00e9lectorales au niveau de la province de Jerada sont attendus, ce mercredi, aux urnes pour choisir leurs repr\u00e9sentants dans les Collectivit\u00e9s territoriales, la Chambre des Repr\u00e9sentants et le Conseil r\u00e9gional de l\u2019Oriental. Les \u00e9lecteurs sont r\u00e9partis entre le milieu urbain qui compte un total de 39.802, soit 53,67 [&hellip;]<\/p>\n","protected":false},"author":1788,"featured_media":0,"comment_status":"closed","ping_status":"closed","sticky":false,"template":"","format":"standard","meta":{"fifu_image_url":"http:\/\/www.mapoujda.ma\/map\/uploads\/2021\/09\/des-\u00e9lections-des-Chambres-professionnelles-\u00e0-Dr\u00e2a-tafilalet-750\u00d7430-MAP-1.jpg","fifu_image_alt":"Plus de 74.000 \u00e9lecteurs aux urnes dans la province de Jerada","footnotes":""},"categories":[54,76],"tags":[],"class_list":["post-126421","post","type-post","status-publish","format-standard","hentry","category-maroc","category-regions"],"_links":{"self":[{"href":"https:\/\/linitiative.ca\/International\/wp-json\/wp\/v2\/posts\/126421","targetHints":{"allow":["GET"]}}],"collection":[{"href":"https:\/\/linitiative.ca\/International\/wp-json\/wp\/v2\/posts"}],"about":[{"href":"https:\/\/linitiative.ca\/International\/wp-json\/wp\/v2\/types\/post"}],"author":[{"embeddable":true,"href":"https:\/\/linitiative.ca\/International\/wp-json\/wp\/v2\/users\/1788"}],"replies":[{"embeddable":true,"href":"https:\/\/linitiative.ca\/International\/wp-json\/wp\/v2\/comments?post=126421"}],"version-history":[{"count":0,"href":"https:\/\/linitiative.ca\/International\/wp-json\/wp\/v2\/posts\/126421\/revisions"}],"wp:attachment":[{"href":"https:\/\/linitiative.ca\/International\/wp-json\/wp\/v2\/media?parent=126421"}],"wp:term":[{"taxonomy":"category","embeddable":true,"href":"https:\/\/linitiative.ca\/International\/wp-json\/wp\/v2\/categories?post=126421"},{"taxonomy":"post_tag","embeddable":true,"href":"https:\/\/linitiative.ca\/International\/wp-json\/wp\/v2\/tags?post=126421"}],"curies":[{"name":"wp","href":"https:\/\/api.w.org\/{rel}","templated":true}]}}