{"id":126425,"date":"2021-09-08T11:20:31","date_gmt":"2021-09-08T15:20:31","guid":{"rendered":"https:\/\/linitiative.ca\/International\/covid-plus-de-16-millions-de-personnes-completement-vaccinees\/"},"modified":"2021-09-08T11:20:31","modified_gmt":"2021-09-08T15:20:31","slug":"covid-plus-de-16-millions-de-personnes-completement-vaccinees","status":"publish","type":"post","link":"https:\/\/linitiative.ca\/International\/covid-plus-de-16-millions-de-personnes-completement-vaccinees\/","title":{"rendered":"Covid: Plus de 16 millions de personnes compl\u00e8tement vaccin\u00e9es"},"content":{"rendered":"<div>\n<div class=\"field field-name-body field-type-text-with-summary field-label-hidden\">\n<div class=\"field-items\">\n<div class=\"field-item even\" property=\"content:encoded\">\n<p class=\"rtejustify\">Le Maroc a franchi la barre des 16 millions de personnes vaccin\u00e9es ce mercredi 8 septembre. Selon le minist\u00e8re de la Sant\u00e9, le nombre de personnes ayant re\u00e7u les deux doses du vaccin anti-Covid a atteint <strong>16.102.416<\/strong>, alors que <strong>19.620.474<\/strong> ont re\u00e7u leur premi\u00e8re dose. Au total,\u00a0<strong>3.930<\/strong> nouveaux cas d&rsquo;infection au coronavirus (Covid-19) et <strong>5.459 <\/strong>gu\u00e9risons ont\u00a0\u00e9t\u00e9 enregistr\u00e9s\u00a0au cours des derni\u00e8res 24 heures. Pr\u00e8s de <strong>200.900<\/strong> nouvelles doses ont \u00e9t\u00e9 administr\u00e9es.<\/p>\n<\/div>\n<\/div>\n<\/div>\n<\/div>\n<p>Auteur: hgueye<br \/>\n<a href=\"https:\/\/www.leconomiste.com\/flash-infos\/covid-nouveaux-cas-au-maroc-deces-2\">Cliquez ici pour lire l&rsquo;article depuis sa source.<\/a><\/p>\n","protected":false},"excerpt":{"rendered":"<p>Le Maroc a franchi la barre des 16 millions de personnes vaccin\u00e9es ce mercredi 8 septembre. Selon le minist\u00e8re de la Sant\u00e9, le nombre de personnes ayant re\u00e7u les deux doses du vaccin anti-Covid a atteint 16.102.416, alors que 19.620.474 ont re\u00e7u leur premi\u00e8re dose. Au total,\u00a03.930 nouveaux cas d&rsquo;infection au coronavirus (Covid-19) et 5.459 [&hellip;]<\/p>\n","protected":false},"author":1763,"featured_media":0,"comment_status":"closed","ping_status":"closed","sticky":false,"template":"","format":"standard","meta":{"fifu_image_url":"","fifu_image_alt":"","footnotes":""},"categories":[78,54],"tags":[],"class_list":["post-126425","post","type-post","status-publish","format-standard","hentry","category-economie","category-maroc"],"_links":{"self":[{"href":"https:\/\/linitiative.ca\/International\/wp-json\/wp\/v2\/posts\/126425","targetHints":{"allow":["GET"]}}],"collection":[{"href":"https:\/\/linitiative.ca\/International\/wp-json\/wp\/v2\/posts"}],"about":[{"href":"https:\/\/linitiative.ca\/International\/wp-json\/wp\/v2\/types\/post"}],"author":[{"embeddable":true,"href":"https:\/\/linitiative.ca\/International\/wp-json\/wp\/v2\/users\/1763"}],"replies":[{"embeddable":true,"href":"https:\/\/linitiative.ca\/International\/wp-json\/wp\/v2\/comments?post=126425"}],"version-history":[{"count":0,"href":"https:\/\/linitiative.ca\/International\/wp-json\/wp\/v2\/posts\/126425\/revisions"}],"wp:attachment":[{"href":"https:\/\/linitiative.ca\/International\/wp-json\/wp\/v2\/media?parent=126425"}],"wp:term":[{"taxonomy":"category","embeddable":true,"href":"https:\/\/linitiative.ca\/International\/wp-json\/wp\/v2\/categories?post=126425"},{"taxonomy":"post_tag","embeddable":true,"href":"https:\/\/linitiative.ca\/International\/wp-json\/wp\/v2\/tags?post=126425"}],"curies":[{"name":"wp","href":"https:\/\/api.w.org\/{rel}","templated":true}]}}