{"id":126426,"date":"2021-09-08T11:52:12","date_gmt":"2021-09-08T15:52:12","guid":{"rendered":"https:\/\/linitiative.ca\/International\/maroc-usa-une-unite-mobile-sanitaire-disolement-lancee-a-sale\/"},"modified":"2021-09-08T11:52:12","modified_gmt":"2021-09-08T15:52:12","slug":"maroc-usa-une-unite-mobile-sanitaire-disolement-lancee-a-sale","status":"publish","type":"post","link":"https:\/\/linitiative.ca\/International\/maroc-usa-une-unite-mobile-sanitaire-disolement-lancee-a-sale\/","title":{"rendered":"Maroc &#8211; USA: Une unit\u00e9 mobile sanitaire d&rsquo;isolement lanc\u00e9e \u00e0 Sal\u00e9"},"content":{"rendered":"<div>\n<div class=\"field field-name-body field-type-text-with-summary field-label-hidden\">\n<div class=\"field-items\">\n<div class=\"field-item even\" property=\"content:encoded\">\n<p class=\"rtejustify\">Une unit\u00e9 mobile sanitaire d&rsquo;isolement \u00e0 pression n\u00e9gative d&rsquo;une capacit\u00e9 de 30 lits, re\u00e7ue \u00e0 titre de don des Etats-Unis d&rsquo;Am\u00e9rique, a \u00e9t\u00e9 inaugur\u00e9e, mercredi \u00e0 Sal\u00e9. Ce don, d\u2019une valeur de 1,5 million de dollars\u00a0permettra au Royaume de renforcer son dispositif de riposte \u00e0 la pand\u00e9mie de\u00a0Covid-19 et d&rsquo;\u00eatre \u00e9galement d\u00e9ploy\u00e9 en cas d&rsquo;urgence de sant\u00e9 publique.\u00a0<\/p>\n<\/div>\n<\/div>\n<\/div>\n<\/div>\n<p>Auteur: hgueye<br \/>\n<a href=\"https:\/\/www.leconomiste.com\/flash-infos\/maroc-usa-une-unite-mobile-sanitaire-d-isolement-lancee-sale\">Cliquez ici pour lire l&rsquo;article depuis sa source.<\/a><\/p>\n","protected":false},"excerpt":{"rendered":"<p>Une unit\u00e9 mobile sanitaire d&rsquo;isolement \u00e0 pression n\u00e9gative d&rsquo;une capacit\u00e9 de 30 lits, re\u00e7ue \u00e0 titre de don des Etats-Unis d&rsquo;Am\u00e9rique, a \u00e9t\u00e9 inaugur\u00e9e, mercredi \u00e0 Sal\u00e9. Ce don, d\u2019une valeur de 1,5 million de dollars\u00a0permettra au Royaume de renforcer son dispositif de riposte \u00e0 la pand\u00e9mie de\u00a0Covid-19 et d&rsquo;\u00eatre \u00e9galement d\u00e9ploy\u00e9 en cas d&rsquo;urgence [&hellip;]<\/p>\n","protected":false},"author":1763,"featured_media":0,"comment_status":"closed","ping_status":"closed","sticky":false,"template":"","format":"standard","meta":{"fifu_image_url":"","fifu_image_alt":"","footnotes":""},"categories":[78,54],"tags":[],"class_list":["post-126426","post","type-post","status-publish","format-standard","hentry","category-economie","category-maroc"],"_links":{"self":[{"href":"https:\/\/linitiative.ca\/International\/wp-json\/wp\/v2\/posts\/126426","targetHints":{"allow":["GET"]}}],"collection":[{"href":"https:\/\/linitiative.ca\/International\/wp-json\/wp\/v2\/posts"}],"about":[{"href":"https:\/\/linitiative.ca\/International\/wp-json\/wp\/v2\/types\/post"}],"author":[{"embeddable":true,"href":"https:\/\/linitiative.ca\/International\/wp-json\/wp\/v2\/users\/1763"}],"replies":[{"embeddable":true,"href":"https:\/\/linitiative.ca\/International\/wp-json\/wp\/v2\/comments?post=126426"}],"version-history":[{"count":0,"href":"https:\/\/linitiative.ca\/International\/wp-json\/wp\/v2\/posts\/126426\/revisions"}],"wp:attachment":[{"href":"https:\/\/linitiative.ca\/International\/wp-json\/wp\/v2\/media?parent=126426"}],"wp:term":[{"taxonomy":"category","embeddable":true,"href":"https:\/\/linitiative.ca\/International\/wp-json\/wp\/v2\/categories?post=126426"},{"taxonomy":"post_tag","embeddable":true,"href":"https:\/\/linitiative.ca\/International\/wp-json\/wp\/v2\/tags?post=126426"}],"curies":[{"name":"wp","href":"https:\/\/api.w.org\/{rel}","templated":true}]}}