{"id":126427,"date":"2021-09-08T14:01:57","date_gmt":"2021-09-08T18:01:57","guid":{"rendered":"https:\/\/linitiative.ca\/International\/elections-le-taux-de-participation-atteint-36-a-17h\/"},"modified":"2021-09-08T14:01:57","modified_gmt":"2021-09-08T18:01:57","slug":"elections-le-taux-de-participation-atteint-36-a-17h","status":"publish","type":"post","link":"https:\/\/linitiative.ca\/International\/elections-le-taux-de-participation-atteint-36-a-17h\/","title":{"rendered":"Elections: Le taux de participation atteint 36% \u00e0 17h"},"content":{"rendered":"<div>\n<div class=\"field field-name-body field-type-text-with-summary field-label-hidden\">\n<div class=\"field-items\">\n<div class=\"field-item even\" property=\"content:encoded\">\n<p class=\"rtejustify\">Le taux de participation aux \u00e9lections des membres de la Chambre des repr\u00e9sentants, des conseils des communes et d&rsquo;arrondissements ainsi que des conseils des r\u00e9gions a atteint 36 pc \u00e0 17H00 au niveau national, a indiqu\u00e9 le minist\u00e8re de l\u2019Int\u00e9rieur. Selon les donn\u00e9es re\u00e7ues des diff\u00e9rentes pr\u00e9fectures, provinces et pr\u00e9fectures d\u2019arrondissements du Royaume, l\u2019op\u00e9ration de vote se poursuit et se d\u00e9roule dans des conditions normales, avec un taux de participation de 36 pc \u00e0 17h00 au niveau national, a pr\u00e9cis\u00e9 le minist\u00e8re.<\/p>\n<\/div>\n<\/div>\n<\/div>\n<\/div>\n<p>Auteur: hgueye<br \/>\n<a href=\"https:\/\/www.leconomiste.com\/flash-infos\/elections-le-taux-de-participation-atteint-36-17h\">Cliquez ici pour lire l&rsquo;article depuis sa source.<\/a><\/p>\n","protected":false},"excerpt":{"rendered":"<p>Le taux de participation aux \u00e9lections des membres de la Chambre des repr\u00e9sentants, des conseils des communes et d&rsquo;arrondissements ainsi que des conseils des r\u00e9gions a atteint 36 pc \u00e0 17H00 au niveau national, a indiqu\u00e9 le minist\u00e8re de l\u2019Int\u00e9rieur. Selon les donn\u00e9es re\u00e7ues des diff\u00e9rentes pr\u00e9fectures, provinces et pr\u00e9fectures d\u2019arrondissements du Royaume, l\u2019op\u00e9ration de [&hellip;]<\/p>\n","protected":false},"author":1763,"featured_media":0,"comment_status":"closed","ping_status":"closed","sticky":false,"template":"","format":"standard","meta":{"fifu_image_url":"","fifu_image_alt":"","footnotes":""},"categories":[78,54],"tags":[],"class_list":["post-126427","post","type-post","status-publish","format-standard","hentry","category-economie","category-maroc"],"_links":{"self":[{"href":"https:\/\/linitiative.ca\/International\/wp-json\/wp\/v2\/posts\/126427","targetHints":{"allow":["GET"]}}],"collection":[{"href":"https:\/\/linitiative.ca\/International\/wp-json\/wp\/v2\/posts"}],"about":[{"href":"https:\/\/linitiative.ca\/International\/wp-json\/wp\/v2\/types\/post"}],"author":[{"embeddable":true,"href":"https:\/\/linitiative.ca\/International\/wp-json\/wp\/v2\/users\/1763"}],"replies":[{"embeddable":true,"href":"https:\/\/linitiative.ca\/International\/wp-json\/wp\/v2\/comments?post=126427"}],"version-history":[{"count":0,"href":"https:\/\/linitiative.ca\/International\/wp-json\/wp\/v2\/posts\/126427\/revisions"}],"wp:attachment":[{"href":"https:\/\/linitiative.ca\/International\/wp-json\/wp\/v2\/media?parent=126427"}],"wp:term":[{"taxonomy":"category","embeddable":true,"href":"https:\/\/linitiative.ca\/International\/wp-json\/wp\/v2\/categories?post=126427"},{"taxonomy":"post_tag","embeddable":true,"href":"https:\/\/linitiative.ca\/International\/wp-json\/wp\/v2\/tags?post=126427"}],"curies":[{"name":"wp","href":"https:\/\/api.w.org\/{rel}","templated":true}]}}