{"id":126429,"date":"2021-09-08T14:11:01","date_gmt":"2021-09-08T18:11:01","guid":{"rendered":"https:\/\/linitiative.ca\/International\/elections-fes-meknes-un-taux-de-participation-de-38-a-17h\/"},"modified":"2021-09-08T14:11:01","modified_gmt":"2021-09-08T18:11:01","slug":"elections-fes-meknes-un-taux-de-participation-de-38-a-17h","status":"publish","type":"post","link":"https:\/\/linitiative.ca\/International\/elections-fes-meknes-un-taux-de-participation-de-38-a-17h\/","title":{"rendered":"Elections\/ F\u00e8s-Mekn\u00e8s: Un taux de participation de 38% \u00e0 17H"},"content":{"rendered":"<div>\n<div class=\"field field-name-body field-type-text-with-summary field-label-hidden\">\n<div class=\"field-items\">\n<div class=\"field-item even\" property=\"content:encoded\">\n<p class=\"rtejustify\">Le taux de participation affich\u00e9 au niveau de la r\u00e9gion de F\u00e8s-Mekn\u00e8s a atteint 38% \u00e0 17H. C&rsquo;est ce qu&rsquo;affirment les autorit\u00e9s de la r\u00e9gion notant une forte affluence dans les diff\u00e9rents centres de vote depuis 14h. A noter que le taux de participation affich\u00e9 au niveau national \u00e0 17h est de 36%.<\/p>\n<p class=\"rtejustify\"><em><strong>Y.S.A.<\/strong><\/em><\/p>\n<\/div>\n<\/div>\n<\/div>\n<\/div>\n<p>Auteur: hgueye<br \/>\n<a href=\"https:\/\/www.leconomiste.com\/flash-infos\/elections-fes-meknes-un-taux-de-participation-de-38-17h\">Cliquez ici pour lire l&rsquo;article depuis sa source.<\/a><\/p>\n","protected":false},"excerpt":{"rendered":"<p>Le taux de participation affich\u00e9 au niveau de la r\u00e9gion de F\u00e8s-Mekn\u00e8s a atteint 38% \u00e0 17H. C&rsquo;est ce qu&rsquo;affirment les autorit\u00e9s de la r\u00e9gion notant une forte affluence dans les diff\u00e9rents centres de vote depuis 14h. A noter que le taux de participation affich\u00e9 au niveau national \u00e0 17h est de 36%. Y.S.A. Auteur: [&hellip;]<\/p>\n","protected":false},"author":1763,"featured_media":0,"comment_status":"closed","ping_status":"closed","sticky":false,"template":"","format":"standard","meta":{"fifu_image_url":"","fifu_image_alt":"","footnotes":""},"categories":[78,54],"tags":[],"class_list":["post-126429","post","type-post","status-publish","format-standard","hentry","category-economie","category-maroc"],"_links":{"self":[{"href":"https:\/\/linitiative.ca\/International\/wp-json\/wp\/v2\/posts\/126429","targetHints":{"allow":["GET"]}}],"collection":[{"href":"https:\/\/linitiative.ca\/International\/wp-json\/wp\/v2\/posts"}],"about":[{"href":"https:\/\/linitiative.ca\/International\/wp-json\/wp\/v2\/types\/post"}],"author":[{"embeddable":true,"href":"https:\/\/linitiative.ca\/International\/wp-json\/wp\/v2\/users\/1763"}],"replies":[{"embeddable":true,"href":"https:\/\/linitiative.ca\/International\/wp-json\/wp\/v2\/comments?post=126429"}],"version-history":[{"count":0,"href":"https:\/\/linitiative.ca\/International\/wp-json\/wp\/v2\/posts\/126429\/revisions"}],"wp:attachment":[{"href":"https:\/\/linitiative.ca\/International\/wp-json\/wp\/v2\/media?parent=126429"}],"wp:term":[{"taxonomy":"category","embeddable":true,"href":"https:\/\/linitiative.ca\/International\/wp-json\/wp\/v2\/categories?post=126429"},{"taxonomy":"post_tag","embeddable":true,"href":"https:\/\/linitiative.ca\/International\/wp-json\/wp\/v2\/tags?post=126429"}],"curies":[{"name":"wp","href":"https:\/\/api.w.org\/{rel}","templated":true}]}}