{"id":126430,"date":"2021-09-08T05:25:00","date_gmt":"2021-09-08T09:25:00","guid":{"rendered":"https:\/\/linitiative.ca\/International\/la-reaction-de-belmadi-apres-le-match-face-au-burkina-faso-pas-assez-tueur-video\/"},"modified":"2021-09-08T05:25:00","modified_gmt":"2021-09-08T09:25:00","slug":"la-reaction-de-belmadi-apres-le-match-face-au-burkina-faso-pas-assez-tueur-video","status":"publish","type":"post","link":"https:\/\/linitiative.ca\/International\/la-reaction-de-belmadi-apres-le-match-face-au-burkina-faso-pas-assez-tueur-video\/","title":{"rendered":"La r\u00e9action de Belmadi apr\u00e8s le match face au Burkina Faso : \u00ab\u00a0Pas assez tueur\u00a0\u00bb (Vid\u00e9o)"},"content":{"rendered":"<div>Dans un entretien accord\u00e9 au site de la FAF, Djamel Belmadi n&rsquo;a pas cach\u00e9 sa d\u00e9ception suite au match nul face au Burkina Faso&#8230;<img loading=\"lazy\" decoding=\"async\" src=\"http:\/\/feeds.feedburner.com\/~r\/GalerieFArtciles\/~4\/mEZD4sX2uVE\" height=\"1\" width=\"1\" alt=\"\"><\/div>\n<p>Auteur:<br \/>\n<a href=\"http:\/\/www.lebuteur.com\/article\/detail?titre=la-reaction-de-belmadi-apres-le-match-face-au-burkina-faso-pas-assez-tueur-video&#038;id=101046&#038;utm_source=feedburner&#038;utm_medium=feed&#038;utm_campaign=Feed%3A+GalerieFArtciles+%28Les+derniers+articles++-+lebuteur.com%29\">Cliquez ici pour lire l&rsquo;article depuis sa source.<\/a><\/p>\n","protected":false},"excerpt":{"rendered":"<p>Dans un entretien accord\u00e9 au site de la FAF, Djamel Belmadi n&rsquo;a pas cach\u00e9 sa d\u00e9ception suite au match nul face au Burkina Faso&#8230; Auteur: Cliquez ici pour lire l&rsquo;article depuis sa source.<\/p>\n","protected":false},"author":1738,"featured_media":0,"comment_status":"closed","ping_status":"closed","sticky":false,"template":"","format":"standard","meta":{"fifu_image_url":"http:\/\/feeds.feedburner.com\/~r\/GalerieFArtciles\/~4\/mEZD4sX2uVE","fifu_image_alt":"<div>La r\u00e9action de Belmadi apr\u00e8s le match face au Burkina Faso : \"Pas assez tueur\" (Vid\u00e9o)<\/div>","footnotes":""},"categories":[53,75],"tags":[],"class_list":["post-126430","post","type-post","status-publish","format-standard","hentry","category-algerie","category-sport"],"_links":{"self":[{"href":"https:\/\/linitiative.ca\/International\/wp-json\/wp\/v2\/posts\/126430","targetHints":{"allow":["GET"]}}],"collection":[{"href":"https:\/\/linitiative.ca\/International\/wp-json\/wp\/v2\/posts"}],"about":[{"href":"https:\/\/linitiative.ca\/International\/wp-json\/wp\/v2\/types\/post"}],"author":[{"embeddable":true,"href":"https:\/\/linitiative.ca\/International\/wp-json\/wp\/v2\/users\/1738"}],"replies":[{"embeddable":true,"href":"https:\/\/linitiative.ca\/International\/wp-json\/wp\/v2\/comments?post=126430"}],"version-history":[{"count":0,"href":"https:\/\/linitiative.ca\/International\/wp-json\/wp\/v2\/posts\/126430\/revisions"}],"wp:attachment":[{"href":"https:\/\/linitiative.ca\/International\/wp-json\/wp\/v2\/media?parent=126430"}],"wp:term":[{"taxonomy":"category","embeddable":true,"href":"https:\/\/linitiative.ca\/International\/wp-json\/wp\/v2\/categories?post=126430"},{"taxonomy":"post_tag","embeddable":true,"href":"https:\/\/linitiative.ca\/International\/wp-json\/wp\/v2\/tags?post=126430"}],"curies":[{"name":"wp","href":"https:\/\/api.w.org\/{rel}","templated":true}]}}