{"id":126432,"date":"2021-09-08T09:30:00","date_gmt":"2021-09-08T13:30:00","guid":{"rendered":"https:\/\/linitiative.ca\/International\/egypte-queiroz-nouveau-selectionneur\/"},"modified":"2021-09-08T09:30:00","modified_gmt":"2021-09-08T13:30:00","slug":"egypte-queiroz-nouveau-selectionneur","status":"publish","type":"post","link":"https:\/\/linitiative.ca\/International\/egypte-queiroz-nouveau-selectionneur\/","title":{"rendered":"Egypte : Queiroz nouveau s\u00e9lectionneur"},"content":{"rendered":"<div>Libre depuis son licenciement par la f\u00e9d\u00e9ration colombienne, en d\u00e9cembre dernier, Carlos Queiroz a \u00e9t\u00e9 nomm\u00e9 s\u00e9lectionneur de l&rsquo;\u00e9quipe nationale d&rsquo;\u00c9gypte, ce mercredi.<img loading=\"lazy\" decoding=\"async\" src=\"http:\/\/feeds.feedburner.com\/~r\/GalerieFArtciles\/~4\/iO3OMnWyk2s\" height=\"1\" width=\"1\" alt=\"\"><\/div>\n<p>Auteur:<br \/>\n<a href=\"http:\/\/www.lebuteur.com\/article\/detail?titre=egypte-queiroz-nouveau-selectionneur&#038;id=101048&#038;utm_source=feedburner&#038;utm_medium=feed&#038;utm_campaign=Feed%3A+GalerieFArtciles+%28Les+derniers+articles++-+lebuteur.com%29\">Cliquez ici pour lire l&rsquo;article depuis sa source.<\/a><\/p>\n","protected":false},"excerpt":{"rendered":"<p>Libre depuis son licenciement par la f\u00e9d\u00e9ration colombienne, en d\u00e9cembre dernier, Carlos Queiroz a \u00e9t\u00e9 nomm\u00e9 s\u00e9lectionneur de l&rsquo;\u00e9quipe nationale d&rsquo;\u00c9gypte, ce mercredi. Auteur: Cliquez ici pour lire l&rsquo;article depuis sa source.<\/p>\n","protected":false},"author":1738,"featured_media":0,"comment_status":"closed","ping_status":"closed","sticky":false,"template":"","format":"standard","meta":{"fifu_image_url":"http:\/\/feeds.feedburner.com\/~r\/GalerieFArtciles\/~4\/iO3OMnWyk2s","fifu_image_alt":"Egypte : Queiroz nouveau s\u00e9lectionneur","footnotes":""},"categories":[53,75],"tags":[],"class_list":["post-126432","post","type-post","status-publish","format-standard","hentry","category-algerie","category-sport"],"_links":{"self":[{"href":"https:\/\/linitiative.ca\/International\/wp-json\/wp\/v2\/posts\/126432","targetHints":{"allow":["GET"]}}],"collection":[{"href":"https:\/\/linitiative.ca\/International\/wp-json\/wp\/v2\/posts"}],"about":[{"href":"https:\/\/linitiative.ca\/International\/wp-json\/wp\/v2\/types\/post"}],"author":[{"embeddable":true,"href":"https:\/\/linitiative.ca\/International\/wp-json\/wp\/v2\/users\/1738"}],"replies":[{"embeddable":true,"href":"https:\/\/linitiative.ca\/International\/wp-json\/wp\/v2\/comments?post=126432"}],"version-history":[{"count":0,"href":"https:\/\/linitiative.ca\/International\/wp-json\/wp\/v2\/posts\/126432\/revisions"}],"wp:attachment":[{"href":"https:\/\/linitiative.ca\/International\/wp-json\/wp\/v2\/media?parent=126432"}],"wp:term":[{"taxonomy":"category","embeddable":true,"href":"https:\/\/linitiative.ca\/International\/wp-json\/wp\/v2\/categories?post=126432"},{"taxonomy":"post_tag","embeddable":true,"href":"https:\/\/linitiative.ca\/International\/wp-json\/wp\/v2\/tags?post=126432"}],"curies":[{"name":"wp","href":"https:\/\/api.w.org\/{rel}","templated":true}]}}