{"id":126434,"date":"2021-09-08T14:34:00","date_gmt":"2021-09-08T18:34:00","guid":{"rendered":"https:\/\/linitiative.ca\/International\/un-employe-de-ronaldo-devoile-son-hygiene-de-vie\/"},"modified":"2021-09-08T14:34:00","modified_gmt":"2021-09-08T18:34:00","slug":"un-employe-de-ronaldo-devoile-son-hygiene-de-vie","status":"publish","type":"post","link":"https:\/\/linitiative.ca\/International\/un-employe-de-ronaldo-devoile-son-hygiene-de-vie\/","title":{"rendered":"Un employ\u00e9 de Ronaldo d\u00e9voile son hygi\u00e8ne de vie"},"content":{"rendered":"<div>Ce n&rsquo;est un secret pour personne, Cristiano Ronaldo reste dans une forme exceptionnelle malgr\u00e9 ses 36 ans, \u00e2ge o\u00f9 la plupart des footballeurs ont d\u00e9j\u00e0 bien entam\u00e9 leur d\u00e9clin sur le plan physique<img loading=\"lazy\" decoding=\"async\" src=\"http:\/\/feeds.feedburner.com\/~r\/GalerieFArtciles\/~4\/-a5gaEq9Zb4\" height=\"1\" width=\"1\" alt=\"\"><\/div>\n<p>Auteur:<br \/>\n<a href=\"http:\/\/www.lebuteur.com\/article\/detail?titre=un-employe-de-ronaldo-devoile-son-hygiene-de-vie&#038;id=101050&#038;utm_source=feedburner&#038;utm_medium=feed&#038;utm_campaign=Feed%3A+GalerieFArtciles+%28Les+derniers+articles++-+lebuteur.com%29\">Cliquez ici pour lire l&rsquo;article depuis sa source.<\/a><\/p>\n","protected":false},"excerpt":{"rendered":"<p>Ce n&rsquo;est un secret pour personne, Cristiano Ronaldo reste dans une forme exceptionnelle malgr\u00e9 ses 36 ans, \u00e2ge o\u00f9 la plupart des footballeurs ont d\u00e9j\u00e0 bien entam\u00e9 leur d\u00e9clin sur le plan physique Auteur: Cliquez ici pour lire l&rsquo;article depuis sa source.<\/p>\n","protected":false},"author":1738,"featured_media":0,"comment_status":"closed","ping_status":"closed","sticky":false,"template":"","format":"standard","meta":{"fifu_image_url":"http:\/\/feeds.feedburner.com\/~r\/GalerieFArtciles\/~4\/-a5gaEq9Zb4","fifu_image_alt":"Un employ\u00e9 de Ronaldo d\u00e9voile son hygi\u00e8ne de vie","footnotes":""},"categories":[53,75],"tags":[],"class_list":["post-126434","post","type-post","status-publish","format-standard","hentry","category-algerie","category-sport"],"_links":{"self":[{"href":"https:\/\/linitiative.ca\/International\/wp-json\/wp\/v2\/posts\/126434","targetHints":{"allow":["GET"]}}],"collection":[{"href":"https:\/\/linitiative.ca\/International\/wp-json\/wp\/v2\/posts"}],"about":[{"href":"https:\/\/linitiative.ca\/International\/wp-json\/wp\/v2\/types\/post"}],"author":[{"embeddable":true,"href":"https:\/\/linitiative.ca\/International\/wp-json\/wp\/v2\/users\/1738"}],"replies":[{"embeddable":true,"href":"https:\/\/linitiative.ca\/International\/wp-json\/wp\/v2\/comments?post=126434"}],"version-history":[{"count":0,"href":"https:\/\/linitiative.ca\/International\/wp-json\/wp\/v2\/posts\/126434\/revisions"}],"wp:attachment":[{"href":"https:\/\/linitiative.ca\/International\/wp-json\/wp\/v2\/media?parent=126434"}],"wp:term":[{"taxonomy":"category","embeddable":true,"href":"https:\/\/linitiative.ca\/International\/wp-json\/wp\/v2\/categories?post=126434"},{"taxonomy":"post_tag","embeddable":true,"href":"https:\/\/linitiative.ca\/International\/wp-json\/wp\/v2\/tags?post=126434"}],"curies":[{"name":"wp","href":"https:\/\/api.w.org\/{rel}","templated":true}]}}