{"id":126435,"date":"2021-09-08T06:32:28","date_gmt":"2021-09-08T10:32:28","guid":{"rendered":"https:\/\/linitiative.ca\/International\/la-vente-directe-pour-maitriser-les-prix-des-fruits-et-legumes-une-decision-qui-divise\/"},"modified":"2021-09-08T06:32:28","modified_gmt":"2021-09-08T10:32:28","slug":"la-vente-directe-pour-maitriser-les-prix-des-fruits-et-legumes-une-decision-qui-divise","status":"publish","type":"post","link":"https:\/\/linitiative.ca\/International\/la-vente-directe-pour-maitriser-les-prix-des-fruits-et-legumes-une-decision-qui-divise\/","title":{"rendered":"La vente directe pour ma\u00eetriser les prix des fruits et l\u00e9gumes : Une d\u00e9cision qui divise"},"content":{"rendered":"<div>\n<div class=\"sriret\"><img loading=\"lazy\" decoding=\"async\" width=\"600\" height=\"427\" src=\"https:\/\/linitiative.ca\/International\/wp-content\/uploads\/sites\/23\/2021\/09\/MarchC3A9-e1542160246737.jpg\" class=\"attachment-featured_large size-featured_large wp-post-image\" alt=\"A\u00efn El Hammam : Flamb\u00e9e des prix sur les march\u00e9s\" style=\"margin-bottom: 15px;\"><\/div>\n<p class=\"p1\"><span class=\"s1\"><b>L<\/b><\/span><span class=\"s1\">es march\u00e9s de gros sont-ils condamn\u00e9s \u00e0 fermer\u00a0? M\u00eame si cette question n\u2019est pas \u00e0 l\u2019ordre du jour, elle ne tardera pas \u00e0 \u00eatre pos\u00e9e apr\u00e8s la d\u00e9cision de Kamel Rezzig, ministre du Commerce et de la Promotion des exportations, d\u2019autoriser la vente des produits agricoles en dehors du r\u00e9seau des mandataires. Ainsi, l\u2019agriculteur pourra, sans aucune autorisation pr\u00e9alable, vendre sa r\u00e9colte. Les points de vente n\u2019ont toutefois pas \u00e9t\u00e9 pr\u00e9cis\u00e9s dans l\u2019instruction du minist\u00e8re. Tel que cit\u00e9 dans le communiqu\u00e9 du d\u00e9partement de Rezzig, le but de cette mesure est la r\u00e9gularisation des prix et mettre fin \u00e0 la sp\u00e9culation.<\/span><\/p>\n<p>*Retrouvez l\u2019inte\u0301gralite\u0301 de nos articles sur la version papier<\/p>\n<p>L\u2019article <a rel=\"nofollow\" href=\"https:\/\/www.elwatan.com\/edition\/actualite\/la-vente-directe-pour-maitriser-les-prix-des-fruits-et-legumes-une-decision-qui-divise-08-09-2021\">La vente directe pour ma\u00eetriser les prix des fruits et l\u00e9gumes : Une d\u00e9cision qui divise<\/a> est apparu en premier sur <a rel=\"nofollow\" href=\"https:\/\/www.elwatan.com\/\">El Watan<\/a>.<\/p>\n<\/div>\n<p>Auteur: Hicham Chouadria<br \/>\n<a href=\"https:\/\/www.elwatan.com\/edition\/actualite\/la-vente-directe-pour-maitriser-les-prix-des-fruits-et-legumes-une-decision-qui-divise-08-09-2021\">Cliquez ici pour lire l&rsquo;article depuis sa source.<\/a><\/p>\n","protected":false},"excerpt":{"rendered":"<p>Les march\u00e9s de gros sont-ils condamn\u00e9s \u00e0 fermer\u00a0? M\u00eame si cette question n\u2019est pas \u00e0 l\u2019ordre du jour, elle ne tardera pas \u00e0 \u00eatre pos\u00e9e apr\u00e8s la d\u00e9cision de Kamel Rezzig, ministre du Commerce et de la Promotion des exportations, d\u2019autoriser la vente des produits agricoles en dehors du r\u00e9seau des mandataires. Ainsi, l\u2019agriculteur pourra, [&hellip;]<\/p>\n","protected":false},"author":1743,"featured_media":0,"comment_status":"closed","ping_status":"closed","sticky":false,"template":"","format":"standard","meta":{"fifu_image_url":"https:\/\/www.elwatan.com\/wp-content\/uploads\/2018\/11\/March\u00e9-e1542160246737.jpg","fifu_image_alt":"La vente directe pour ma\u00eetriser les prix des fruits et l\u00e9gumes : Une d\u00e9cision qui divise","footnotes":""},"categories":[73,53],"tags":[],"class_list":["post-126435","post","type-post","status-publish","format-standard","hentry","category-actualite","category-algerie"],"_links":{"self":[{"href":"https:\/\/linitiative.ca\/International\/wp-json\/wp\/v2\/posts\/126435","targetHints":{"allow":["GET"]}}],"collection":[{"href":"https:\/\/linitiative.ca\/International\/wp-json\/wp\/v2\/posts"}],"about":[{"href":"https:\/\/linitiative.ca\/International\/wp-json\/wp\/v2\/types\/post"}],"author":[{"embeddable":true,"href":"https:\/\/linitiative.ca\/International\/wp-json\/wp\/v2\/users\/1743"}],"replies":[{"embeddable":true,"href":"https:\/\/linitiative.ca\/International\/wp-json\/wp\/v2\/comments?post=126435"}],"version-history":[{"count":0,"href":"https:\/\/linitiative.ca\/International\/wp-json\/wp\/v2\/posts\/126435\/revisions"}],"wp:attachment":[{"href":"https:\/\/linitiative.ca\/International\/wp-json\/wp\/v2\/media?parent=126435"}],"wp:term":[{"taxonomy":"category","embeddable":true,"href":"https:\/\/linitiative.ca\/International\/wp-json\/wp\/v2\/categories?post=126435"},{"taxonomy":"post_tag","embeddable":true,"href":"https:\/\/linitiative.ca\/International\/wp-json\/wp\/v2\/tags?post=126435"}],"curies":[{"name":"wp","href":"https:\/\/api.w.org\/{rel}","templated":true}]}}