{"id":126437,"date":"2021-09-08T06:35:04","date_gmt":"2021-09-08T10:35:04","guid":{"rendered":"https:\/\/linitiative.ca\/International\/hausse-des-prix-des-produits-de-large-consommation-des-instructions-fermes-pour-intensifier-le-controle\/"},"modified":"2021-09-08T06:35:04","modified_gmt":"2021-09-08T10:35:04","slug":"hausse-des-prix-des-produits-de-large-consommation-des-instructions-fermes-pour-intensifier-le-controle","status":"publish","type":"post","link":"https:\/\/linitiative.ca\/International\/hausse-des-prix-des-produits-de-large-consommation-des-instructions-fermes-pour-intensifier-le-controle\/","title":{"rendered":"Hausse des prix des produits de large consommation : Des instructions fermes pour intensifier le contr\u00f4le"},"content":{"rendered":"<div>\n<div class=\"sriret\"><img decoding=\"async\" src=\"https:\/\/linitiative.ca\/International\/wp-content\/uploads\/sites\/23\/2021\/09\/default-picture-709x366_c-17.jpg\"><\/div>\n<p class=\"p4\"><span class=\"s3\">Le ministre du Commerce et de la Promotion des exportations, Kamel Rezig, a donn\u00e9, dimanche, des instructions \u00abfermes\u00bb quant \u00e0 l\u2019imp\u00e9ratif d\u2019intensifier les op\u00e9rations de contr\u00f4le au niveau des march\u00e9s de gros et de d\u00e9tail pour contrecarrer la sp\u00e9culation, suite \u00e0 la hausse des prix, relev\u00e9e r\u00e9cemment, de certains produits de large consommation, notamment les fruits et l\u00e9gumes.<\/span><\/p>\n<p class=\"p4\"><span class=\"s3\"> Le ministre <i>\u00aba pr\u00e9sid\u00e9, dimanche, par visioconf\u00e9rence, une r\u00e9union urgente r\u00e9unissant les cadres centraux du minist\u00e8re et les directeurs du Commerce r\u00e9gionaux et de wilaya, durant laquelle il a donn\u00e9 des instructions fermes pour contrecarrer toute forme de sp\u00e9culation\u00bb<\/i>, a not\u00e9 un communiqu\u00e9 du minist\u00e8re. Il a rappel\u00e9, \u00e0 ce propos, <i>\u00abla d\u00e9cision d\u2019autoriser les agriculteurs \u00e0 vendre leurs produits directement aux consommateurs\u00bb<\/i>. De m\u00eame qu\u2019il a invit\u00e9 les directeurs du commerce \u00e0<i> \u00abappliquer les proc\u00e9dures n\u00e9cessaires \u00e0 l\u2019encontre des commer\u00e7ants ne respectant pas les deux instructions relatives \u00e0 l\u2019affichage obligatoire des prix et l\u2019exposition de marchandises hors des locaux commerciaux, avec l\u2019obligation de pr\u00e9senter la facture aux agents de contr\u00f4le\u00bb<\/i>, a conclu le communiqu\u00e9<b>.<\/b><\/span><\/p>\n<p>L\u2019article <a rel=\"nofollow\" href=\"https:\/\/www.elwatan.com\/edition\/actualite\/hausse-des-prix-des-produits-de-large-consommation-des-instructions-fermes-pour-intensifier-le-controle-08-09-2021\">Hausse des prix des produits de large consommation : Des instructions fermes pour intensifier le contr\u00f4le<\/a> est apparu en premier sur <a rel=\"nofollow\" href=\"https:\/\/www.elwatan.com\/\">El Watan<\/a>.<\/p>\n<\/div>\n<p>Auteur: Hicham Chouadria<br \/>\n<a href=\"https:\/\/www.elwatan.com\/edition\/actualite\/hausse-des-prix-des-produits-de-large-consommation-des-instructions-fermes-pour-intensifier-le-controle-08-09-2021\">Cliquez ici pour lire l&rsquo;article depuis sa source.<\/a><\/p>\n","protected":false},"excerpt":{"rendered":"<p>Le ministre du Commerce et de la Promotion des exportations, Kamel Rezig, a donn\u00e9, dimanche, des instructions \u00abfermes\u00bb quant \u00e0 l\u2019imp\u00e9ratif d\u2019intensifier les op\u00e9rations de contr\u00f4le au niveau des march\u00e9s de gros et de d\u00e9tail pour contrecarrer la sp\u00e9culation, suite \u00e0 la hausse des prix, relev\u00e9e r\u00e9cemment, de certains produits de large consommation, notamment les [&hellip;]<\/p>\n","protected":false},"author":1743,"featured_media":0,"comment_status":"closed","ping_status":"closed","sticky":false,"template":"","format":"standard","meta":{"fifu_image_url":"https:\/\/www.elwatan.com\/wp-content\/themes\/spectr\/img\/default-picture-709x366_c.jpg","fifu_image_alt":"Hausse des prix des produits de large consommation : Des instructions fermes pour intensifier le contr\u00f4le","footnotes":""},"categories":[73,53],"tags":[],"class_list":["post-126437","post","type-post","status-publish","format-standard","hentry","category-actualite","category-algerie"],"_links":{"self":[{"href":"https:\/\/linitiative.ca\/International\/wp-json\/wp\/v2\/posts\/126437","targetHints":{"allow":["GET"]}}],"collection":[{"href":"https:\/\/linitiative.ca\/International\/wp-json\/wp\/v2\/posts"}],"about":[{"href":"https:\/\/linitiative.ca\/International\/wp-json\/wp\/v2\/types\/post"}],"author":[{"embeddable":true,"href":"https:\/\/linitiative.ca\/International\/wp-json\/wp\/v2\/users\/1743"}],"replies":[{"embeddable":true,"href":"https:\/\/linitiative.ca\/International\/wp-json\/wp\/v2\/comments?post=126437"}],"version-history":[{"count":0,"href":"https:\/\/linitiative.ca\/International\/wp-json\/wp\/v2\/posts\/126437\/revisions"}],"wp:attachment":[{"href":"https:\/\/linitiative.ca\/International\/wp-json\/wp\/v2\/media?parent=126437"}],"wp:term":[{"taxonomy":"category","embeddable":true,"href":"https:\/\/linitiative.ca\/International\/wp-json\/wp\/v2\/categories?post=126437"},{"taxonomy":"post_tag","embeddable":true,"href":"https:\/\/linitiative.ca\/International\/wp-json\/wp\/v2\/tags?post=126437"}],"curies":[{"name":"wp","href":"https:\/\/api.w.org\/{rel}","templated":true}]}}