{"id":126439,"date":"2021-09-08T06:35:59","date_gmt":"2021-09-08T10:35:59","guid":{"rendered":"https:\/\/linitiative.ca\/International\/commerce-les-prix-des-legumes-secs-senflamment\/"},"modified":"2021-09-08T06:35:59","modified_gmt":"2021-09-08T10:35:59","slug":"commerce-les-prix-des-legumes-secs-senflamment","status":"publish","type":"post","link":"https:\/\/linitiative.ca\/International\/commerce-les-prix-des-legumes-secs-senflamment\/","title":{"rendered":"Commerce : Les prix des l\u00e9gumes secs s\u2019enflamment"},"content":{"rendered":"<div>\n<div class=\"sriret\"><img decoding=\"async\" src=\"https:\/\/linitiative.ca\/International\/wp-content\/uploads\/sites\/23\/2021\/09\/default-picture-709x366_c-18.jpg\"><\/div>\n<p class=\"p1\"><b>L<\/b>es prix des l\u00e9gumes secs ont connu une augmentation sensible dans le sillage d\u2019une flamb\u00e9e des prix des fruits et l\u00e9gumes, a indiqu\u00e9 le pr\u00e9sident de l\u2019association\u00a0nationale de protection des consommateurs El Aman, Hassan\u00a0Menouar<i>, <\/i>d\u00e9plorant une hausse<i> \u00abinjustifi\u00e9e\u00bb <\/i>des prix des produits de large consommation<i>. \u00abNous avons recens\u00e9 une hausse<\/i> <i>des prix des fruits et l\u00e9gumes que rien ne justifie. On n\u2019a rien compris \u00e0 cette hausse. Il n\u2019y a pas de nouvelles taxes par exemple qui pourraient justifier cette augmentation des prix\u00bb<\/i>, a soulign\u00e9 notre interlocuteur dans une d\u00e9claration \u00e0 <i>El Watan<\/i>.<\/p>\n<p class=\"p2\">*Retrouvez l\u2019inte\u0301gralite\u0301 de nos articles sur la version papier<\/p>\n<p>L\u2019article <a rel=\"nofollow\" href=\"https:\/\/www.elwatan.com\/edition\/actualite\/commerce-les-prix-des-legumes-secs-senflamment-08-09-2021\">Commerce : Les prix des l\u00e9gumes secs s\u2019enflamment<\/a> est apparu en premier sur <a rel=\"nofollow\" href=\"https:\/\/www.elwatan.com\/\">El Watan<\/a>.<\/p>\n<\/div>\n<p>Auteur: Hicham Chouadria<br \/>\n<a href=\"https:\/\/www.elwatan.com\/edition\/actualite\/commerce-les-prix-des-legumes-secs-senflamment-08-09-2021\">Cliquez ici pour lire l&rsquo;article depuis sa source.<\/a><\/p>\n","protected":false},"excerpt":{"rendered":"<p>Les prix des l\u00e9gumes secs ont connu une augmentation sensible dans le sillage d\u2019une flamb\u00e9e des prix des fruits et l\u00e9gumes, a indiqu\u00e9 le pr\u00e9sident de l\u2019association\u00a0nationale de protection des consommateurs El Aman, Hassan\u00a0Menouar, d\u00e9plorant une hausse \u00abinjustifi\u00e9e\u00bb des prix des produits de large consommation. \u00abNous avons recens\u00e9 une hausse des prix des fruits et [&hellip;]<\/p>\n","protected":false},"author":1743,"featured_media":0,"comment_status":"closed","ping_status":"closed","sticky":false,"template":"","format":"standard","meta":{"fifu_image_url":"https:\/\/www.elwatan.com\/wp-content\/themes\/spectr\/img\/default-picture-709x366_c.jpg","fifu_image_alt":"Commerce : Les prix des l\u00e9gumes secs s\u2019enflamment","footnotes":""},"categories":[73,53],"tags":[],"class_list":["post-126439","post","type-post","status-publish","format-standard","hentry","category-actualite","category-algerie"],"_links":{"self":[{"href":"https:\/\/linitiative.ca\/International\/wp-json\/wp\/v2\/posts\/126439","targetHints":{"allow":["GET"]}}],"collection":[{"href":"https:\/\/linitiative.ca\/International\/wp-json\/wp\/v2\/posts"}],"about":[{"href":"https:\/\/linitiative.ca\/International\/wp-json\/wp\/v2\/types\/post"}],"author":[{"embeddable":true,"href":"https:\/\/linitiative.ca\/International\/wp-json\/wp\/v2\/users\/1743"}],"replies":[{"embeddable":true,"href":"https:\/\/linitiative.ca\/International\/wp-json\/wp\/v2\/comments?post=126439"}],"version-history":[{"count":0,"href":"https:\/\/linitiative.ca\/International\/wp-json\/wp\/v2\/posts\/126439\/revisions"}],"wp:attachment":[{"href":"https:\/\/linitiative.ca\/International\/wp-json\/wp\/v2\/media?parent=126439"}],"wp:term":[{"taxonomy":"category","embeddable":true,"href":"https:\/\/linitiative.ca\/International\/wp-json\/wp\/v2\/categories?post=126439"},{"taxonomy":"post_tag","embeddable":true,"href":"https:\/\/linitiative.ca\/International\/wp-json\/wp\/v2\/tags?post=126439"}],"curies":[{"name":"wp","href":"https:\/\/api.w.org\/{rel}","templated":true}]}}