{"id":126443,"date":"2021-09-08T13:43:22","date_gmt":"2021-09-08T17:43:22","guid":{"rendered":"https:\/\/linitiative.ca\/International\/un-esthete-epris-dalgerianite-de-culture-et-de-citadinite\/"},"modified":"2021-09-08T13:43:22","modified_gmt":"2021-09-08T17:43:22","slug":"un-esthete-epris-dalgerianite-de-culture-et-de-citadinite","status":"publish","type":"post","link":"https:\/\/linitiative.ca\/International\/un-esthete-epris-dalgerianite-de-culture-et-de-citadinite\/","title":{"rendered":"Un esth\u00e8te \u00e9pris d\u2019alg\u00e9rianit\u00e9, de culture et de citadinit\u00e9"},"content":{"rendered":"<div>\n<div class=\"sriret\"><img decoding=\"async\" src=\"https:\/\/linitiative.ca\/International\/wp-content\/uploads\/sites\/23\/2021\/09\/default-picture-709x366_c-19.jpg\"><\/div>\n<p>Le d\u00e9funt Abdelhakim Meziani lors de l\u2019hommage conjointement c\u00e9l\u00e9br\u00e9 par l\u2019Association des amis de la rampe Louni Arezki Casbah et la direction g\u00e9n\u00e9rale des archives nationales, le 10 mai 2014 en son si\u00e8ge Les Vergers, Birkhadem, \u00e0 l\u2019endroit de Reimar Holzinger, un militant autrichien de notori\u00e9t\u00e9 historique de la guerre d\u2019ind\u00e9pendance de l\u2019Alg\u00e9rie dont nous reviendrons plus loin afin de mettre en exergue un \u00e9pisode significatif d\u2019universalit\u00e9 de la r\u00e9volution alg\u00e9rienne.<\/p>\n<p>Une image iconographique expressive de l\u2019allant, d\u2019\u00e9l\u00e9gance de l\u2019artiste brutalement emport\u00e9 par la faucheuse, apr\u00e8s une longue et p\u00e9nible maladie qui a fini par avoir raison de son admirable courage d\u2019exemplarit\u00e9 jusqu\u2019\u00e0 l\u2019ultime souffle o\u00f9 il a sto\u00efquement rendu l\u2019\u00e2me le 22 juillet 2021 \u00e0 l\u2019\u00e2ge de 72 ans.<\/p>\n<p><strong>Pour une culture d\u2019alg\u00e9rianit\u00e9 et de citadinit\u00e9<\/strong><\/p>\n<p>Qui ne se souviendra pas de cette avenante silhouette famili\u00e8re au don d\u2019ubiquit\u00e9 active sur tous les espaces des relais m\u00e9diatiques, presse, radio, t\u00e9l\u00e9vision pour \u0153uvrer avec passion et constance au rayonnement de la culture alg\u00e9rienne et de la matrice anthropologique de sa citadinit\u00e9 alg\u00e9roise. Celle-ci, aur\u00e9ol\u00e9e de la \u00c7an\u00e2a \u00abd\u2019El Bahdja \u2013 Alger la Blanche\u00bb avec ses lumineuses noubas, qui f\u00fbt le creuset culturellement civilisationnel d\u00e8s la prime enfance de Abdelhakim Meziani, un connaisseur de raffinement en la mati\u00e8re visc\u00e9ralement attach\u00e9 aux splendeurs du patrimoine ancestral de sa Casbah natale.<\/p>\n<p>Cette cit\u00e9 Antique pour laquelle il n\u2019avait de cesse de s\u2019investir inlassablement et opini\u00e2trement \u00e0 la r\u00e9surgence et \u00e0 la r\u00e9appropriation d\u2019un legs incommensurablement pr\u00e9cieux d\u2019une culture patrimoniale d\u2019historicit\u00e9 et d\u2019universalit\u00e9 \u00e0 dessein de sa p\u00e9rennisation en direction de la jeunesse et des g\u00e9n\u00e9rations montantes. Un parcours foisonnant de labeur et d\u2019actions culturelles tenacement et assid\u00fbment men\u00e9es par Abdelhakim Meziani dans cette perspective qui \u00e9tait un des sens de sa profonde motivation existentielle.<\/p>\n<p>Du journalisme, son m\u00e9tier professionnel initial, exerc\u00e9 dans de nombreux titres de la presse nationale entre autres El Watan, Libert\u00e9, l\u2019Expression et revues telles que R\u00e9volution Africaine, Jeune Afrique, Afrique Asie et les 2 Ecrans o\u00f9 il excellera avec perspicacit\u00e9 en communicateur et animateur culturel par ses innombrables et brillantes contributions qui par la teneur et la port\u00e9e de leur niveau se convertirent en un forum de d\u00e9bats culturels d\u2019une dimension nationale \u00e0 la cin\u00e9matographie qui \u00e9tait \u00e9galement son cosmos \u00e9toil\u00e9 de pr\u00e9dilection d\u2019id\u00e9es et d\u2019\u00e9changes en critique de r\u00e9f\u00e9rence avis\u00e9, Abdelhakim Meziani \u00e9tait aussi un esth\u00e8te du 7e art friand de rh\u00e9toriques, cr\u00e9atives, projet\u00e9es et fix\u00e9es par l\u2019image.<\/p>\n<p><strong>Du journalisme culturel \u00e0 la cin\u00e9matographie<\/strong><\/p>\n<p>Dans ce contexte, il fut le premier fondateur de l\u2019Association alg\u00e9rienne des fameux Cin\u00e9-Clubs en Alg\u00e9rie, une innovation de grand succ\u00e8s \u00e0 l\u2019\u00e9poque des ann\u00e9es 70 o\u00f9 \u00e0 ce titre il a particip\u00e9 \u00e0 de nombreuses manifestations cin\u00e9matographiques \u00e0 travers des festivals et congr\u00e8s \u00e0 l\u2019\u00e9chelle nationale et internationale o\u00f9 il se distinguera par le couronnement de prestigieux Prix et distinctions qui lui ont \u00e9t\u00e9 d\u00e9cern\u00e9s par des institutions de r\u00e9putation mondiale \u00e0 l\u2019instar du Prix du Syndicat fran\u00e7ais du cin\u00e9ma en 1995 doubl\u00e9 du Prix de la critique cin\u00e9matographique italienne en 1996, en compl\u00e9tant son palmar\u00e8s par sa participation aux prestigieuses Journ\u00e9es cin\u00e9matographiques de Carthage en qualit\u00e9 de membres du jury.<\/p>\n<p>Les relais audiovisuels \u00e9taient ses vecteurs privil\u00e9gi\u00e9s en supports d\u2019essaimage de la th\u00e9matique culturelle et patrimoniale qu\u2019il d\u00e9veloppait avec brio dans de fr\u00e9quentes \u00e9missions t\u00e9l\u00e9vis\u00e9es avec une experte ma\u00eetrise communicationnelle appropri\u00e9e \u00e0 l\u2019impact de la prestation et de la grande audience de celle-ci. En p\u00e9dagogue inspir\u00e9 d\u2019animation et de production culturelle Abdelhakim Meziani initiait et soutenait des conf\u00e9rences th\u00e9matiques, centr\u00e9es autour de l\u2019univers livresque avec la cr\u00e9ation d\u2019un espace attractif d\u2019\u00e9changes, de confrontations, de partage et de r\u00e9flexions propice au savoir et \u00e0 la connaissance dont le livre demeurera incontournablement la source lumineuse d\u2019\u00e9veil et d\u2019\u00e9rudition.<\/p>\n<p>Une passion livresque activement partag\u00e9e<\/p>\n<p>C\u2019\u00e9tait son Agora du livre cr\u00e9e d\u2019abord au Centre culturel Larbi Ben M\u2019hidi et tenacement r\u00e9activ\u00e9 ensuite \u00e0 la Media-book de l\u2019Entreprise nationale des arts graphiques- ENAG, \u00e0 la rue Khelifa Boukhalfa, une v\u00e9ritable liesse litt\u00e9raire, lyrique et po\u00e9tique o\u00f9 il invitait de nombreux auteurs qui rassemblaient des auditoires de qualit\u00e9 o\u00f9 avec sa magistrale m\u00e9thode de mod\u00e9ration, il amor\u00e7ait de fructueux d\u00e9bats au ravissement de l\u2019ensemble des participants \u00e0 ces chaleureuses et \u00e9difiantes rencontres livresques. Une d\u00e9marche intellectuelle pragmatiquement incitative ainsi appliqu\u00e9e \u00e0 dessein d\u2019\u00eatre un apport de stimulation au renouement avec la pratique de la lecture h\u00e9las d\u00e9cadente et r\u00e9gressive dans notre pays au fil des ann\u00e9es.<\/p>\n<p><strong>Un adepte \u00abZyriabien\u00bb de la \u00c7an\u00e2a alg\u00e9roise<\/strong><\/p>\n<p>Comme indiqu\u00e9 en introduction de cette \u00e9vocation, Abdelhakim Meziani qui \u00e9tait un adepte \u00ab Zyriabien\u00bb p\u00e9tri de musique andalouse a passionn\u00e9ment contribu\u00e9 pour l\u2019\u00e9panouissement, la sauvegarde et la perp\u00e9tuation de celle-ci au sein d\u2019Associations notamment la prestigieuse El Fekhardjia cr\u00e9\u00e9e en 1981, dont il \u00e9tait membre fondateur avec un de ses amis le Professeur Smain Hini, qui lui aussi nous a pr\u00e9cocement quitt\u00e9s, il y a une ann\u00e9e, le 30 juillet 2020, \u00e0 l\u2019\u00e2ge de 74 ans, victime de ce ravageur et mortif\u00e8re coronavirus. C\u2019est ainsi qu\u2019il s\u2019est avec engouement et enthousiasme attel\u00e9 des ann\u00e9es de sa vie durant \u00e0 une participation effective, f\u00e9conde et valorisante aux initiatives du mouvement associatif culturel.<br \/>\nD\u00e9vou\u00e9 et omnipr\u00e9sent pour l\u2019essor du mouvement associatif culturel<br \/>\nA ce titre et en symbiose avec sa vocation de d\u00e9vouement \u00e0 l\u2019acte culturel et artistique Abdelhakim Meziani a \u00e9t\u00e9 un des plus proches et fid\u00e8les amis de notre Association des amis de la rampe Louni Arezki Casbah o\u00f9 activement omnipr\u00e9sent \u00e0 toutes les manifestations culturelles men\u00e9es par celle-ci, il a sagacement concouru avec la subtile d\u00e9marche intellectuelle et pragmatique qui \u00e9tait la sienne \u00e0 la r\u00e9ussite de v\u00e9ritables carrefours de la culture patrimoniale de la m\u00e9moire et de l\u2019histoire dans la trame des valeurs d\u2019alg\u00e9rianit\u00e9 de dimension universelle. Une opportunit\u00e9 pour une rem\u00e9moration de l\u2019\u00e9v\u00e9nement exceptionnel que fut l\u2019hommage rendu \u00e0 Reimar Holzinger pr\u00e9c\u00e9demment cit\u00e9 en pr\u00e9ambule de cette r\u00e9trospective m\u00e9morielle, pour rappeler que cet Autrichien, natif dans le sud de l\u2019Autriche, issu d\u2019une lign\u00e9e familiale progressiste de gauche, membre du Parti socialiste \u00e9tait une personnalit\u00e9 de renom qui a spontan\u00e9ment adh\u00e9r\u00e9 et soutenu la R\u00e9volution alg\u00e9rienne d\u00e8s son d\u00e9clenchement du 1er Novembre 1954 sous le nom de clandestinit\u00e9 du moudjahid Si Abderrahmane d\u00e9c\u00e9d\u00e9 \u00e0 Vienne le 20 janvier 2012.<br \/>\nA son dernier souffle, le d\u00e9funt a tenu dans l\u2019intimit\u00e9 familiale \u00e0 formuler \u00e0 son \u00e9pouse et ses deux enfants, son v\u0153u le plus cher ardemment ancr\u00e9 en lui qui \u00e9tait de rejoindre l\u2019univers c\u00e9leste de l\u2019au-del\u00e0 dans un cercueil drap\u00e9 de l\u2019embl\u00e8me national alg\u00e9rien. Ce serment exhauss\u00e9, qui a fait date \u00e0 Vienne dans l\u2019in\u00e9dit de la m\u00e9moire autrichienne par son effet de solennit\u00e9 a g\u00e9n\u00e9r\u00e9 une grande \u00e9motion aupr\u00e8s de l\u2019immense et impressionnant cort\u00e8ge qui a accompagn\u00e9 le regrett\u00e9 Reimar Holzinger -moudjahid Si Abderrahmane envelopp\u00e9 d\u2019un superbe drapeau alg\u00e9rien en une symbolique d\u2019amour d\u2019\u00e9ternit\u00e9 de l\u2019Alg\u00e9rie pour son ultime voyage.<br \/>\nUn pan d\u2019histoire universel p\u00e9rennis\u00e9 par Abdelhakim MEZIANI<br \/>\nCaptiv\u00e9 et s\u00e9duit par ce fabuleux pan d\u2019histoire Abdelhakim Meziani a tenu \u00e0 l\u2019immortaliser \u00e0 travers une \u00e9mission t\u00e9l\u00e9visuelle sp\u00e9ciale qu\u2019il a magistralement r\u00e9alis\u00e9 \u00e0 la salle des conf\u00e9rences des Archives nationales avec la participation de Peter Holzinger le fils du d\u00e9funt Reimar Holzinger, invit\u00e9 d\u2019honneur en la circonstance avec d\u2019autres personnalit\u00e9s autrichiennes dont Hans Mozer, le pr\u00e9sident de l\u2019Association d\u2019amiti\u00e9 alg\u00e9ro-autrichienne cr\u00e9\u00e9e en 1963 toujours par Reimar Holzinger, cet infatigable et illustre militant europ\u00e9en des causes justes avec les membres pionniers de cette m\u00e9morable initiative vou\u00e9e \u00e0 la perp\u00e9tuation g\u00e9n\u00e9rationnelle des liens historiquement scell\u00e9s entre les peuples d\u2019Alg\u00e9rie et d\u2019Autriche.<br \/>\nUne \u0153uvre en r\u00e9cit et nouvelle pr\u00e9fac\u00e9e par Kateb Yacine<br \/>\nA ce propos, il serait judicieux de rappeler que l\u2019histoire de l\u2019Alg\u00e9rie et particuli\u00e8rement la phase cruciale de la guerre de Lib\u00e9ration nationale constituait pour Abdelhakim Meziani un centre d\u2019int\u00e9r\u00eat primordial qui fut \u00e0 l\u2019origine en 1983 de sa premi\u00e8re publication aux \u00e9ditions SNED et Publisud d\u2019un prenant r\u00e9cit intitul\u00e9 Le premier Novembre dans la Mitidja suivi d\u2019une nouvelle El Djeza\u00efria , l\u2019Alg\u00e9rienne compil\u00e9s en un remarquable ouvrage pr\u00e9fac\u00e9 par Kateb Yacine avec cet extrait d\u2019un \u00e9pilogue de sublimit\u00e9 h\u00e9las r\u00e9v\u00e9latrice et d\u00e9monstrative d\u2019une aberrante v\u00e9rit\u00e9 quant au statut paradoxalement conc\u00e9d\u00e9 \u00e0 la femme d\u00e9s l\u2019issue de l\u2019\u00e9preuve de feu au front du combat lib\u00e9rateur pourtant et solidairement partag\u00e9e en sacrifices communs avec l\u2019homme. \u00abCe n\u2019est donc pas pour rien que les femmes ont aid\u00e9 les hommes dans toutes les luttes de la Lib\u00e9ration nationale. Mais que font les hommes pour aider les femmes \u00e0 se lib\u00e9rer ? C\u2019est l\u2019une des questions qu\u2019on se pose en lisant ce livre. Il faut le lire et le faire lire, car il est digne de figurer dans les biblioth\u00e8ques de l\u2019Alg\u00e9rie nouvelle\u00bb fin de citation Kateb Yacine. Des actions importantes de par la port\u00e9e de leur impact et marquantes aussi car durablement empreintes du souvenir imp\u00e9rissable de Abdelhakim Meziani qui dans l\u2019accomplissement de la volont\u00e9 divine a rejoint le monde meilleur de l\u2019Au-del\u00e0 c\u00e9leste avec la Mis\u00e9ricordieuse cl\u00e9mence d\u2019Allah le Tout- Puissant l\u2019accueillir en la rahma en son Vaste Paradis. Un mois d\u00e9j\u00e0 depuis cette fatidique \u00e9tape de la destin\u00e9e ainsi marqu\u00e9e par une affective \u00e9vocation de la pens\u00e9e par l\u2019ensemble des membres de l\u2019Association des amis de la rampe Louni Arezki Casbah et ses nombreux sympathisants qui en la circonstance tiennent une fois de plus \u00e0 r\u00e9it\u00e9rer \u00e0 la famille du cher d\u00e9funt et \u00e0 ses proches, leur compassion appuy\u00e9e de sympathie et de soutien. \u00abA Dieu nous appartenons et Lui nous retournons.\u00bb<br \/>\nLounis A\u00eft Aoudia<br \/>\nPr\u00e9sident de l\u2019Association des amis<br \/>\nde la rampe LouniArezki Casbah<\/p>\n<p>L\u2019article <a rel=\"nofollow\" href=\"https:\/\/www.elwatan.com\/edition\/culture\/un-esthete-epris-dalgerianite-de-culture-et-de-citadinite-08-09-2021\">Un esth\u00e8te \u00e9pris d\u2019alg\u00e9rianit\u00e9, de culture et de citadinit\u00e9<\/a> est apparu en premier sur <a rel=\"nofollow\" href=\"https:\/\/www.elwatan.com\/\">El Watan<\/a>.<\/p>\n<\/div>\n<p>Auteur: Hicham Chouadria<br \/>\n<a href=\"https:\/\/www.elwatan.com\/edition\/culture\/un-esthete-epris-dalgerianite-de-culture-et-de-citadinite-08-09-2021\">Cliquez ici pour lire l&rsquo;article depuis sa source.<\/a><\/p>\n","protected":false},"excerpt":{"rendered":"<p>Le d\u00e9funt Abdelhakim Meziani lors de l\u2019hommage conjointement c\u00e9l\u00e9br\u00e9 par l\u2019Association des amis de la rampe Louni Arezki Casbah et la direction g\u00e9n\u00e9rale des archives nationales, le 10 mai 2014 en son si\u00e8ge Les Vergers, Birkhadem, \u00e0 l\u2019endroit de Reimar Holzinger, un militant autrichien de notori\u00e9t\u00e9 historique de la guerre d\u2019ind\u00e9pendance de l\u2019Alg\u00e9rie dont nous [&hellip;]<\/p>\n","protected":false},"author":1743,"featured_media":0,"comment_status":"closed","ping_status":"closed","sticky":false,"template":"","format":"standard","meta":{"fifu_image_url":"https:\/\/www.elwatan.com\/wp-content\/themes\/spectr\/img\/default-picture-709x366_c.jpg","fifu_image_alt":"Un esth\u00e8te \u00e9pris d\u2019alg\u00e9rianit\u00e9, de culture et de citadinit\u00e9","footnotes":""},"categories":[73,53],"tags":[],"class_list":["post-126443","post","type-post","status-publish","format-standard","hentry","category-actualite","category-algerie"],"_links":{"self":[{"href":"https:\/\/linitiative.ca\/International\/wp-json\/wp\/v2\/posts\/126443","targetHints":{"allow":["GET"]}}],"collection":[{"href":"https:\/\/linitiative.ca\/International\/wp-json\/wp\/v2\/posts"}],"about":[{"href":"https:\/\/linitiative.ca\/International\/wp-json\/wp\/v2\/types\/post"}],"author":[{"embeddable":true,"href":"https:\/\/linitiative.ca\/International\/wp-json\/wp\/v2\/users\/1743"}],"replies":[{"embeddable":true,"href":"https:\/\/linitiative.ca\/International\/wp-json\/wp\/v2\/comments?post=126443"}],"version-history":[{"count":0,"href":"https:\/\/linitiative.ca\/International\/wp-json\/wp\/v2\/posts\/126443\/revisions"}],"wp:attachment":[{"href":"https:\/\/linitiative.ca\/International\/wp-json\/wp\/v2\/media?parent=126443"}],"wp:term":[{"taxonomy":"category","embeddable":true,"href":"https:\/\/linitiative.ca\/International\/wp-json\/wp\/v2\/categories?post=126443"},{"taxonomy":"post_tag","embeddable":true,"href":"https:\/\/linitiative.ca\/International\/wp-json\/wp\/v2\/tags?post=126443"}],"curies":[{"name":"wp","href":"https:\/\/api.w.org\/{rel}","templated":true}]}}