{"id":126449,"date":"2021-09-08T10:56:00","date_gmt":"2021-09-08T14:56:00","guid":{"rendered":"https:\/\/linitiative.ca\/International\/ahmed-friaa-tunisie-ou-allons-nous\/"},"modified":"2021-09-08T10:56:00","modified_gmt":"2021-09-08T14:56:00","slug":"ahmed-friaa-tunisie-ou-allons-nous","status":"publish","type":"post","link":"https:\/\/linitiative.ca\/International\/ahmed-friaa-tunisie-ou-allons-nous\/","title":{"rendered":"Ahmed Friaa -Tunisie : O\u00f9 allons-nous ?"},"content":{"rendered":"<div><img decoding=\"async\" src=\"https:\/\/linitiative.ca\/International\/wp-content\/uploads\/sites\/23\/2021\/09\/1631110859_article.jpg\" alt=\"Ahmed Friaa -Tunisie : O\u00f9 allons-nous ?\" align=\"left\">La majorit\u00e9 des Tunisiens est arriv\u00e9e \u00e0 un amer constat : La situation du pays n\u2019a cess\u00e9 de se d\u00e9grader, depuis 2011, sur tous les plans, \u00e9conomique, social et politique. Tous les indicateurs le prouvent et il est inutile de s\u2019attarder sur les chiffres qui sont suffisamment connus.<br \/>\nParadoxalement, apr\u00e8s une d\u00e9cennie du 21\u00e8me si\u00e8cle !, et alors que le soul\u00e8vement populaire du 17 d\u00e9cembre 2010- 14 janvier 2011, visait principalement le remplacement d\u2019un syst\u00e8me suppos\u00e9 devenu incapable d\u2019assurer le bien-\u00eatre des Tunisiens, on se retrouve \u00e0 esp\u00e9rer le retour aux principaux indicateurs socio\u00e9conomiques de 2010, alors qu\u2019il ne s\u2019agit point de l\u2019ann\u00e9e o\u00f9 se &#8230;<\/p>\n<\/div>\n<p>Auteur:<br \/>\n<a href=\"https:\/\/www.leaders.com.tn\/article\/32379-ahmed-friaa-tunisie-ou-allons-nous\">Cliquez ici pour lire l&rsquo;article depuis sa source.<\/a><\/p>\n","protected":false},"excerpt":{"rendered":"<p>La majorit\u00e9 des Tunisiens est arriv\u00e9e \u00e0 un amer constat : La situation du pays n\u2019a cess\u00e9 de se d\u00e9grader, depuis 2011, sur tous les plans, \u00e9conomique, social et politique. Tous les indicateurs le prouvent et il est inutile de s\u2019attarder sur les chiffres qui sont suffisamment connus. Paradoxalement, apr\u00e8s une d\u00e9cennie du 21\u00e8me si\u00e8cle [&hellip;]<\/p>\n","protected":false},"author":1772,"featured_media":0,"comment_status":"closed","ping_status":"closed","sticky":false,"template":"","format":"standard","meta":{"fifu_image_url":"http:\/\/www.leaders.com.tn\/uploads\/content\/thumbnails_small\/1631110859_article.jpg","fifu_image_alt":"Ahmed Friaa -Tunisie : O\u00f9 allons-nous ?","footnotes":""},"categories":[73,55],"tags":[],"class_list":["post-126449","post","type-post","status-publish","format-standard","hentry","category-actualite","category-tunisie"],"_links":{"self":[{"href":"https:\/\/linitiative.ca\/International\/wp-json\/wp\/v2\/posts\/126449","targetHints":{"allow":["GET"]}}],"collection":[{"href":"https:\/\/linitiative.ca\/International\/wp-json\/wp\/v2\/posts"}],"about":[{"href":"https:\/\/linitiative.ca\/International\/wp-json\/wp\/v2\/types\/post"}],"author":[{"embeddable":true,"href":"https:\/\/linitiative.ca\/International\/wp-json\/wp\/v2\/users\/1772"}],"replies":[{"embeddable":true,"href":"https:\/\/linitiative.ca\/International\/wp-json\/wp\/v2\/comments?post=126449"}],"version-history":[{"count":0,"href":"https:\/\/linitiative.ca\/International\/wp-json\/wp\/v2\/posts\/126449\/revisions"}],"wp:attachment":[{"href":"https:\/\/linitiative.ca\/International\/wp-json\/wp\/v2\/media?parent=126449"}],"wp:term":[{"taxonomy":"category","embeddable":true,"href":"https:\/\/linitiative.ca\/International\/wp-json\/wp\/v2\/categories?post=126449"},{"taxonomy":"post_tag","embeddable":true,"href":"https:\/\/linitiative.ca\/International\/wp-json\/wp\/v2\/tags?post=126449"}],"curies":[{"name":"wp","href":"https:\/\/api.w.org\/{rel}","templated":true}]}}