{"id":126453,"date":"2021-09-08T14:10:00","date_gmt":"2021-09-08T18:10:00","guid":{"rendered":"https:\/\/linitiative.ca\/International\/la-livraison-de-leaders-septembre-2021-tout-sur-le-tsunami-politique-de-lete\/"},"modified":"2021-09-08T14:10:00","modified_gmt":"2021-09-08T18:10:00","slug":"la-livraison-de-leaders-septembre-2021-tout-sur-le-tsunami-politique-de-lete","status":"publish","type":"post","link":"https:\/\/linitiative.ca\/International\/la-livraison-de-leaders-septembre-2021-tout-sur-le-tsunami-politique-de-lete\/","title":{"rendered":"La livraison de Leaders, septembre  2021 : Tout sur le tsunami politique de l&rsquo;\u00e9t\u00e9"},"content":{"rendered":"<div><img decoding=\"async\" src=\"https:\/\/linitiative.ca\/International\/wp-content\/uploads\/sites\/23\/2021\/09\/1630930020_article.jpg\" alt=\"La livraison de Leaders, septembre  2021 : Tout sur le tsunami politique de l\" align=\"left\">Nagu\u00e8re  r\u00e9put\u00e9e pour \u00eatre le pays le plus stable du bassin m\u00e9diterran\u00e9en, la  Tunisie \u00e0 fini par rejoindre les pays turbulents. &lsquo;C&rsquo;est le mauvais  oeil\u00a0\u00bb disent les Tunisiens, d\u00e9sesp\u00e9r\u00e9s par ce vent de folie que leur  pays connait depuis une d\u00e9cennie. Le 25 juillet, apr\u00e8s les mesures  prises par le chef de l&rsquo;Etat, ils avaient cru que leur calvaire allait  prendre fin. C&rsquo;\u00e9tait aller vite en besogne. Dans sa livraison de  septembre Leaders  revient\u00a0 sur les \u00e9v\u00e8nements qui ont marqu\u00e9 cet \u00e9t\u00e9: la suspension du  parlement, le limogeage du gouvernement, pouvoirs\u00a0 concentr\u00e9s entre les  mains du pr\u00e9sident de la R\u00e9publique. Un v\u00e9ritable Tsunami, car c&rsquo;est  tout un syst\u00e8me &#8230;<\/p>\n<\/div>\n<p>Auteur:<br \/>\n<a href=\"https:\/\/www.leaders.com.tn\/article\/32366-la-livraison-de-leaders-septembre-2021-tout-sur-le-tsunami-politique-de-l-ete\">Cliquez ici pour lire l&rsquo;article depuis sa source.<\/a><\/p>\n","protected":false},"excerpt":{"rendered":"<p>Nagu\u00e8re r\u00e9put\u00e9e pour \u00eatre le pays le plus stable du bassin m\u00e9diterran\u00e9en, la Tunisie \u00e0 fini par rejoindre les pays turbulents. &lsquo;C&rsquo;est le mauvais oeil\u00a0\u00bb disent les Tunisiens, d\u00e9sesp\u00e9r\u00e9s par ce vent de folie que leur pays connait depuis une d\u00e9cennie. Le 25 juillet, apr\u00e8s les mesures prises par le chef de l&rsquo;Etat, ils avaient [&hellip;]<\/p>\n","protected":false},"author":1772,"featured_media":0,"comment_status":"closed","ping_status":"closed","sticky":false,"template":"","format":"standard","meta":{"fifu_image_url":"http:\/\/www.leaders.com.tn\/uploads\/content\/thumbnails_small\/1630930020_article.jpg","fifu_image_alt":"<div>La livraison de Leaders, septembre  2021 : Tout sur le tsunami politique de l'\u00e9t\u00e9<\/div>","footnotes":""},"categories":[73,55],"tags":[],"class_list":["post-126453","post","type-post","status-publish","format-standard","hentry","category-actualite","category-tunisie"],"_links":{"self":[{"href":"https:\/\/linitiative.ca\/International\/wp-json\/wp\/v2\/posts\/126453","targetHints":{"allow":["GET"]}}],"collection":[{"href":"https:\/\/linitiative.ca\/International\/wp-json\/wp\/v2\/posts"}],"about":[{"href":"https:\/\/linitiative.ca\/International\/wp-json\/wp\/v2\/types\/post"}],"author":[{"embeddable":true,"href":"https:\/\/linitiative.ca\/International\/wp-json\/wp\/v2\/users\/1772"}],"replies":[{"embeddable":true,"href":"https:\/\/linitiative.ca\/International\/wp-json\/wp\/v2\/comments?post=126453"}],"version-history":[{"count":0,"href":"https:\/\/linitiative.ca\/International\/wp-json\/wp\/v2\/posts\/126453\/revisions"}],"wp:attachment":[{"href":"https:\/\/linitiative.ca\/International\/wp-json\/wp\/v2\/media?parent=126453"}],"wp:term":[{"taxonomy":"category","embeddable":true,"href":"https:\/\/linitiative.ca\/International\/wp-json\/wp\/v2\/categories?post=126453"},{"taxonomy":"post_tag","embeddable":true,"href":"https:\/\/linitiative.ca\/International\/wp-json\/wp\/v2\/tags?post=126453"}],"curies":[{"name":"wp","href":"https:\/\/api.w.org\/{rel}","templated":true}]}}