{"id":126462,"date":"2021-09-08T16:16:01","date_gmt":"2021-09-08T20:16:01","guid":{"rendered":"https:\/\/linitiative.ca\/International\/elections-2021-au-maroc-un-taux-de-participation-de-525-a-dakhla-a-19h\/"},"modified":"2021-09-08T16:16:01","modified_gmt":"2021-09-08T20:16:01","slug":"elections-2021-au-maroc-un-taux-de-participation-de-525-a-dakhla-a-19h","status":"publish","type":"post","link":"https:\/\/linitiative.ca\/International\/elections-2021-au-maroc-un-taux-de-participation-de-525-a-dakhla-a-19h\/","title":{"rendered":"\u00c9lections 2021 au Maroc. Un taux de participation de 52,5% \u00e0 Dakhla \u00e0 19h"},"content":{"rendered":"<div><img decoding=\"async\" width=\"1508\" height=\"850\" src=\"https:\/\/linitiative.ca\/International\/wp-content\/uploads\/sites\/23\/2021\/09\/Photos-elections.jpg\" class=\"attachment-post-thumbnail size-post-thumbnail wp-post-image\" alt=\"\" loading=\"lazy\" srcset=\"https:\/\/linitiative.ca\/International\/wp-content\/uploads\/sites\/23\/2021\/09\/Photos-elections.jpg 1508w, https:\/\/www.challenge.ma\/wp-content\/uploads\/2021\/09\/Photos-elections-300x169.jpg 300w, https:\/\/www.challenge.ma\/wp-content\/uploads\/2021\/09\/Photos-elections-1024x577.jpg 1024w, https:\/\/www.challenge.ma\/wp-content\/uploads\/2021\/09\/Photos-elections-768x433.jpg 768w, https:\/\/www.challenge.ma\/wp-content\/uploads\/2021\/09\/Photos-elections-360x203.jpg 360w, https:\/\/www.challenge.ma\/wp-content\/uploads\/2021\/09\/Photos-elections-750x423.jpg 750w\" sizes=\"auto, (max-width: 1508px) 100vw, 1508px\" itemprop=\"image\">Plus de 62 000 inscrits sur les listes \u00e9lectorales au niveau de la province d\u2019Oued Eddahab ont \u00e9t\u00e9 appel\u00e9s, ce mercredi 8 septembre, \u00e0 voter aux \u00e9lections l\u00e9gislatives, communales et r\u00e9gionales. Dans le d\u00e9tail, quelque 173 bureaux de vote ont \u00e9t\u00e9 am\u00e9nag\u00e9s dans les diff\u00e9rentes circonscriptions \u00e9lectorales de la province,<\/div>\n<p>Auteur: challenge<br \/>\n<a href=\"https:\/\/www.challenge.ma\/elections-2021-au-maroc-un-taux-de-participation-de-525-a-dakhla-a-19h-197956\/\">Cliquez ici pour lire l&rsquo;article depuis sa source.<\/a><\/p>\n","protected":false},"excerpt":{"rendered":"<p>Plus de 62 000 inscrits sur les listes \u00e9lectorales au niveau de la province d\u2019Oued Eddahab ont \u00e9t\u00e9 appel\u00e9s, ce mercredi 8 septembre, \u00e0 voter aux \u00e9lections l\u00e9gislatives, communales et r\u00e9gionales. Dans le d\u00e9tail, quelque 173 bureaux de vote ont \u00e9t\u00e9 am\u00e9nag\u00e9s dans les diff\u00e9rentes circonscriptions \u00e9lectorales de la province, Auteur: challenge Cliquez ici pour [&hellip;]<\/p>\n","protected":false},"author":1787,"featured_media":0,"comment_status":"closed","ping_status":"closed","sticky":false,"template":"","format":"standard","meta":{"fifu_image_url":"https:\/\/www.challenge.ma\/wp-content\/uploads\/2021\/09\/Photos-elections.jpg","fifu_image_alt":"\u00c9lections 2021 au Maroc. Un taux de participation de 52,5% \u00e0 Dakhla \u00e0 19h","footnotes":""},"categories":[78,54],"tags":[],"class_list":["post-126462","post","type-post","status-publish","format-standard","hentry","category-economie","category-maroc"],"_links":{"self":[{"href":"https:\/\/linitiative.ca\/International\/wp-json\/wp\/v2\/posts\/126462","targetHints":{"allow":["GET"]}}],"collection":[{"href":"https:\/\/linitiative.ca\/International\/wp-json\/wp\/v2\/posts"}],"about":[{"href":"https:\/\/linitiative.ca\/International\/wp-json\/wp\/v2\/types\/post"}],"author":[{"embeddable":true,"href":"https:\/\/linitiative.ca\/International\/wp-json\/wp\/v2\/users\/1787"}],"replies":[{"embeddable":true,"href":"https:\/\/linitiative.ca\/International\/wp-json\/wp\/v2\/comments?post=126462"}],"version-history":[{"count":0,"href":"https:\/\/linitiative.ca\/International\/wp-json\/wp\/v2\/posts\/126462\/revisions"}],"wp:attachment":[{"href":"https:\/\/linitiative.ca\/International\/wp-json\/wp\/v2\/media?parent=126462"}],"wp:term":[{"taxonomy":"category","embeddable":true,"href":"https:\/\/linitiative.ca\/International\/wp-json\/wp\/v2\/categories?post=126462"},{"taxonomy":"post_tag","embeddable":true,"href":"https:\/\/linitiative.ca\/International\/wp-json\/wp\/v2\/tags?post=126462"}],"curies":[{"name":"wp","href":"https:\/\/api.w.org\/{rel}","templated":true}]}}