{"id":126464,"date":"2021-09-08T16:26:47","date_gmt":"2021-09-08T20:26:47","guid":{"rendered":"https:\/\/linitiative.ca\/International\/elections-2021-au-maroc-fes-un-taux-de-participation-de-38-resultats-definitifs\/"},"modified":"2021-09-08T16:26:47","modified_gmt":"2021-09-08T20:26:47","slug":"elections-2021-au-maroc-fes-un-taux-de-participation-de-38-resultats-definitifs","status":"publish","type":"post","link":"https:\/\/linitiative.ca\/International\/elections-2021-au-maroc-fes-un-taux-de-participation-de-38-resultats-definitifs\/","title":{"rendered":"\u00c9lections 2021 au Maroc. F\u00e8s : Un taux de participation de 38% [R\u00e9sultats d\u00e9finitifs]"},"content":{"rendered":"<div><img decoding=\"async\" width=\"1600\" height=\"1200\" src=\"https:\/\/linitiative.ca\/International\/wp-content\/uploads\/sites\/23\/2021\/09\/E-yJMsZWYAYfXfM.jpg\" class=\"attachment-post-thumbnail size-post-thumbnail wp-post-image\" alt=\"\" loading=\"lazy\" srcset=\"https:\/\/linitiative.ca\/International\/wp-content\/uploads\/sites\/23\/2021\/09\/E-yJMsZWYAYfXfM.jpg 1600w, https:\/\/www.challenge.ma\/wp-content\/uploads\/2021\/09\/E-yJMsZWYAYfXfM-300x225.jpg 300w, https:\/\/www.challenge.ma\/wp-content\/uploads\/2021\/09\/E-yJMsZWYAYfXfM-1024x768.jpg 1024w, https:\/\/www.challenge.ma\/wp-content\/uploads\/2021\/09\/E-yJMsZWYAYfXfM-768x576.jpg 768w, https:\/\/www.challenge.ma\/wp-content\/uploads\/2021\/09\/E-yJMsZWYAYfXfM-1536x1152.jpg 1536w, https:\/\/www.challenge.ma\/wp-content\/uploads\/2021\/09\/E-yJMsZWYAYfXfM-360x270.jpg 360w, https:\/\/www.challenge.ma\/wp-content\/uploads\/2021\/09\/E-yJMsZWYAYfXfM-750x563.jpg 750w\" sizes=\"auto, (max-width: 1600px) 100vw, 1600px\" itemprop=\"image\">2.138.486 \u00e9lecteurs inscrits sur les listes \u00e9lectorales g\u00e9n\u00e9rales au niveau de la r\u00e9gion de F\u00e8s-Mekn\u00e8s ont \u00e9t\u00e9 appel\u00e9s \u00e0 voter aux \u00e9lections l\u00e9gislatives, communales et r\u00e9gionales de ce 8 septembre 2021. A l\u2019\u00e9chelle de la r\u00e9gion F\u00e8s-Mekn\u00e8s, qui comprend deux pr\u00e9fectures et sept provinces, la comp\u00e9tition porte sur les \u00e9lections<\/div>\n<p>Auteur: challenge<br \/>\n<a href=\"https:\/\/www.challenge.ma\/elections-2021-au-maroc-fes-38-de-taux-de-participation-resultats-definitifs-197954\/\">Cliquez ici pour lire l&rsquo;article depuis sa source.<\/a><\/p>\n","protected":false},"excerpt":{"rendered":"<p>2.138.486 \u00e9lecteurs inscrits sur les listes \u00e9lectorales g\u00e9n\u00e9rales au niveau de la r\u00e9gion de F\u00e8s-Mekn\u00e8s ont \u00e9t\u00e9 appel\u00e9s \u00e0 voter aux \u00e9lections l\u00e9gislatives, communales et r\u00e9gionales de ce 8 septembre 2021. A l\u2019\u00e9chelle de la r\u00e9gion F\u00e8s-Mekn\u00e8s, qui comprend deux pr\u00e9fectures et sept provinces, la comp\u00e9tition porte sur les \u00e9lections Auteur: challenge Cliquez ici pour [&hellip;]<\/p>\n","protected":false},"author":1787,"featured_media":0,"comment_status":"closed","ping_status":"closed","sticky":false,"template":"","format":"standard","meta":{"fifu_image_url":"https:\/\/www.challenge.ma\/wp-content\/uploads\/2021\/09\/E-yJMsZWYAYfXfM.jpg","fifu_image_alt":"\u00c9lections 2021 au Maroc. F\u00e8s : Un taux de participation de 38% [R\u00e9sultats d\u00e9finitifs]","footnotes":""},"categories":[78,54],"tags":[],"class_list":["post-126464","post","type-post","status-publish","format-standard","hentry","category-economie","category-maroc"],"_links":{"self":[{"href":"https:\/\/linitiative.ca\/International\/wp-json\/wp\/v2\/posts\/126464","targetHints":{"allow":["GET"]}}],"collection":[{"href":"https:\/\/linitiative.ca\/International\/wp-json\/wp\/v2\/posts"}],"about":[{"href":"https:\/\/linitiative.ca\/International\/wp-json\/wp\/v2\/types\/post"}],"author":[{"embeddable":true,"href":"https:\/\/linitiative.ca\/International\/wp-json\/wp\/v2\/users\/1787"}],"replies":[{"embeddable":true,"href":"https:\/\/linitiative.ca\/International\/wp-json\/wp\/v2\/comments?post=126464"}],"version-history":[{"count":0,"href":"https:\/\/linitiative.ca\/International\/wp-json\/wp\/v2\/posts\/126464\/revisions"}],"wp:attachment":[{"href":"https:\/\/linitiative.ca\/International\/wp-json\/wp\/v2\/media?parent=126464"}],"wp:term":[{"taxonomy":"category","embeddable":true,"href":"https:\/\/linitiative.ca\/International\/wp-json\/wp\/v2\/categories?post=126464"},{"taxonomy":"post_tag","embeddable":true,"href":"https:\/\/linitiative.ca\/International\/wp-json\/wp\/v2\/tags?post=126464"}],"curies":[{"name":"wp","href":"https:\/\/api.w.org\/{rel}","templated":true}]}}