{"id":126468,"date":"2021-09-08T17:11:28","date_gmt":"2021-09-08T21:11:28","guid":{"rendered":"https:\/\/linitiative.ca\/International\/elections-2021-au-maroc-un-de-taux-de-participation-de-33-pour-la-circonscription-tanger-assilah\/"},"modified":"2021-09-08T17:11:28","modified_gmt":"2021-09-08T21:11:28","slug":"elections-2021-au-maroc-un-de-taux-de-participation-de-33-pour-la-circonscription-tanger-assilah","status":"publish","type":"post","link":"https:\/\/linitiative.ca\/International\/elections-2021-au-maroc-un-de-taux-de-participation-de-33-pour-la-circonscription-tanger-assilah\/","title":{"rendered":"\u00c9lections 2021 au Maroc. Un de taux de participation de 33% pour la circonscription Tanger-Assilah"},"content":{"rendered":"<div><img decoding=\"async\" width=\"700\" height=\"350\" src=\"https:\/\/linitiative.ca\/International\/wp-content\/uploads\/sites\/23\/2021\/09\/vote.jpg\" class=\"attachment-post-thumbnail size-post-thumbnail wp-post-image\" alt=\"\" loading=\"lazy\" srcset=\"https:\/\/linitiative.ca\/International\/wp-content\/uploads\/sites\/23\/2021\/09\/vote.jpg 700w, https:\/\/www.challenge.ma\/wp-content\/uploads\/2021\/09\/vote-300x150.jpg 300w, https:\/\/www.challenge.ma\/wp-content\/uploads\/2021\/09\/vote-360x180.jpg 360w\" sizes=\"auto, (max-width: 700px) 100vw, 700px\" itemprop=\"image\">430.469 \u00e9lecteurs inscrits sur les listes \u00e9lectorales au niveau de la pr\u00e9fecture de Tanger-Assilah, ont \u00e9t\u00e9 appel\u00e9s aux urnes, ce mercredi 8 septembre, pour voter aux \u00e9lections l\u00e9gislatives, r\u00e9gionales et communales. Dans le d\u00e9tail, 681 bureaux de vote r\u00e9partis sur les diff\u00e9rentes communes, relevant de la pr\u00e9fecture de Tanger-Assilah, ont<\/div>\n<p>Auteur: challenge<br \/>\n<a href=\"https:\/\/www.challenge.ma\/elections-2021-au-maroc-un-de-taux-de-participation-de-33-pour-la-circonscription-tanger-assilah-197981\/\">Cliquez ici pour lire l&rsquo;article depuis sa source.<\/a><\/p>\n","protected":false},"excerpt":{"rendered":"<p>430.469 \u00e9lecteurs inscrits sur les listes \u00e9lectorales au niveau de la pr\u00e9fecture de Tanger-Assilah, ont \u00e9t\u00e9 appel\u00e9s aux urnes, ce mercredi 8 septembre, pour voter aux \u00e9lections l\u00e9gislatives, r\u00e9gionales et communales. Dans le d\u00e9tail, 681 bureaux de vote r\u00e9partis sur les diff\u00e9rentes communes, relevant de la pr\u00e9fecture de Tanger-Assilah, ont Auteur: challenge Cliquez ici pour [&hellip;]<\/p>\n","protected":false},"author":1787,"featured_media":0,"comment_status":"closed","ping_status":"closed","sticky":false,"template":"","format":"standard","meta":{"fifu_image_url":"https:\/\/www.challenge.ma\/wp-content\/uploads\/2021\/09\/vote.jpg","fifu_image_alt":"\u00c9lections 2021 au Maroc. Un de taux de participation de 33% pour la circonscription Tanger-Assilah","footnotes":""},"categories":[78,54],"tags":[],"class_list":["post-126468","post","type-post","status-publish","format-standard","hentry","category-economie","category-maroc"],"_links":{"self":[{"href":"https:\/\/linitiative.ca\/International\/wp-json\/wp\/v2\/posts\/126468","targetHints":{"allow":["GET"]}}],"collection":[{"href":"https:\/\/linitiative.ca\/International\/wp-json\/wp\/v2\/posts"}],"about":[{"href":"https:\/\/linitiative.ca\/International\/wp-json\/wp\/v2\/types\/post"}],"author":[{"embeddable":true,"href":"https:\/\/linitiative.ca\/International\/wp-json\/wp\/v2\/users\/1787"}],"replies":[{"embeddable":true,"href":"https:\/\/linitiative.ca\/International\/wp-json\/wp\/v2\/comments?post=126468"}],"version-history":[{"count":0,"href":"https:\/\/linitiative.ca\/International\/wp-json\/wp\/v2\/posts\/126468\/revisions"}],"wp:attachment":[{"href":"https:\/\/linitiative.ca\/International\/wp-json\/wp\/v2\/media?parent=126468"}],"wp:term":[{"taxonomy":"category","embeddable":true,"href":"https:\/\/linitiative.ca\/International\/wp-json\/wp\/v2\/categories?post=126468"},{"taxonomy":"post_tag","embeddable":true,"href":"https:\/\/linitiative.ca\/International\/wp-json\/wp\/v2\/tags?post=126468"}],"curies":[{"name":"wp","href":"https:\/\/api.w.org\/{rel}","templated":true}]}}