{"id":126470,"date":"2021-09-08T16:20:29","date_gmt":"2021-09-08T20:20:29","guid":{"rendered":"https:\/\/linitiative.ca\/International\/sousse-les-proprietaires-et-les-ouvriers-de-cafes-et-restaurants-manifestent-photosvideo\/"},"modified":"2021-09-08T16:20:29","modified_gmt":"2021-09-08T20:20:29","slug":"sousse-les-proprietaires-et-les-ouvriers-de-cafes-et-restaurants-manifestent-photosvideo","status":"publish","type":"post","link":"https:\/\/linitiative.ca\/International\/sousse-les-proprietaires-et-les-ouvriers-de-cafes-et-restaurants-manifestent-photosvideo\/","title":{"rendered":"Sousse: Les propri\u00e9taires et les ouvriers de caf\u00e9s et restaurants manifestent [Photos+Vid\u00e9o]"},"content":{"rendered":"<div>\n<p>D\u2019apr\u00e8s la correspondante de Tunisie Num\u00e9rique \u00e0 Sousse, les propri\u00e9taires de caf\u00e9s, de restaurants et de lounges ont organis\u00e9 hier un rassemblement protestataire devant leurs commerces et ont port\u00e9 le brassard rouge pour exprimer leur col\u00e8re. Ils ont appel\u00e9 \u00e0 la modification de l\u2019heure de fermeture des caf\u00e9s, des restaurants ainsi que les bars pour [\u2026]<\/p>\n<p>L\u2019article <a href=\"https:\/\/www.tunisienumerique.com\/sousse-les-proprietaires-et-les-ouvriers-de-cafes-et-restaurants-manifestent-photosvideo\/\">Sousse: Les propri\u00e9taires et les ouvriers de caf\u00e9s et restaurants manifestent [Photos+Vid\u00e9o]<\/a> est apparu en premier sur <a href=\"https:\/\/www.tunisienumerique.com\/\">Tunisie<\/a>.<\/p>\n<\/div>\n<p>Auteur: chahrazed chamsi<br \/>\n<a href=\"https:\/\/www.tunisienumerique.com\/sousse-les-proprietaires-et-les-ouvriers-de-cafes-et-restaurants-manifestent-photosvideo\/\">Cliquez ici pour lire l&rsquo;article depuis sa source.<\/a><\/p>\n","protected":false},"excerpt":{"rendered":"<p>D\u2019apr\u00e8s la correspondante de Tunisie Num\u00e9rique \u00e0 Sousse, les propri\u00e9taires de caf\u00e9s, de restaurants et de lounges ont organis\u00e9 hier un rassemblement protestataire devant leurs commerces et ont port\u00e9 le brassard rouge pour exprimer leur col\u00e8re. Ils ont appel\u00e9 \u00e0 la modification de l\u2019heure de fermeture des caf\u00e9s, des restaurants ainsi que les bars pour [&hellip;]<\/p>\n","protected":false},"author":1789,"featured_media":0,"comment_status":"closed","ping_status":"closed","sticky":false,"template":"","format":"standard","meta":{"fifu_image_url":"","fifu_image_alt":"","footnotes":""},"categories":[73,55],"tags":[],"class_list":["post-126470","post","type-post","status-publish","format-standard","hentry","category-actualite","category-tunisie"],"_links":{"self":[{"href":"https:\/\/linitiative.ca\/International\/wp-json\/wp\/v2\/posts\/126470","targetHints":{"allow":["GET"]}}],"collection":[{"href":"https:\/\/linitiative.ca\/International\/wp-json\/wp\/v2\/posts"}],"about":[{"href":"https:\/\/linitiative.ca\/International\/wp-json\/wp\/v2\/types\/post"}],"author":[{"embeddable":true,"href":"https:\/\/linitiative.ca\/International\/wp-json\/wp\/v2\/users\/1789"}],"replies":[{"embeddable":true,"href":"https:\/\/linitiative.ca\/International\/wp-json\/wp\/v2\/comments?post=126470"}],"version-history":[{"count":0,"href":"https:\/\/linitiative.ca\/International\/wp-json\/wp\/v2\/posts\/126470\/revisions"}],"wp:attachment":[{"href":"https:\/\/linitiative.ca\/International\/wp-json\/wp\/v2\/media?parent=126470"}],"wp:term":[{"taxonomy":"category","embeddable":true,"href":"https:\/\/linitiative.ca\/International\/wp-json\/wp\/v2\/categories?post=126470"},{"taxonomy":"post_tag","embeddable":true,"href":"https:\/\/linitiative.ca\/International\/wp-json\/wp\/v2\/tags?post=126470"}],"curies":[{"name":"wp","href":"https:\/\/api.w.org\/{rel}","templated":true}]}}