{"id":126475,"date":"2021-09-08T15:44:21","date_gmt":"2021-09-08T19:44:21","guid":{"rendered":"https:\/\/linitiative.ca\/International\/alliance-entre-le-parti-au-pouvoir-et-celui-de-yahya-jammeh-en-gambie\/"},"modified":"2021-09-08T15:44:21","modified_gmt":"2021-09-08T19:44:21","slug":"alliance-entre-le-parti-au-pouvoir-et-celui-de-yahya-jammeh-en-gambie","status":"publish","type":"post","link":"https:\/\/linitiative.ca\/International\/alliance-entre-le-parti-au-pouvoir-et-celui-de-yahya-jammeh-en-gambie\/","title":{"rendered":"ALLIANCE ENTRE LE PARTI AU POUVOIR ET CELUI DE YAHYA JAMMEH EN GAMBIE"},"content":{"rendered":"<div>\n<p><img decoding=\"async\" width=\"696\" height=\"439\" src=\"https:\/\/linitiative.ca\/International\/wp-content\/uploads\/sites\/23\/2021\/09\/ALLIANCE-1.jpg\" class=\"attachment- size- wp-post-image\" alt=\"\" loading=\"lazy\" style=\"float:left; margin:0 15px 15px 0;\" srcset=\"https:\/\/linitiative.ca\/International\/wp-content\/uploads\/sites\/23\/2021\/09\/ALLIANCE-1.jpg 696w, https:\/\/lepays.bf\/wp-content\/uploads\/2021\/09\/ALLIANCE-1-300x189.jpg 300w\" sizes=\"auto, (max-width: 696px) 100vw, 696px\">A trois mois de la pr\u00e9sidentielle, l\u2019on assiste \u00e0 un v\u00e9ritable blanle-bas sociopolitique en Gambie. Les grandes man\u0153uvres ont commenc\u00e9, est-on tent\u00e9 de dire. Tant et si bien que l\u2019on voit se dessiner des rapprochements m\u00eame des plus inattendus. C\u2019est le cas, par exemple, de cette alliance sign\u00e9e le 5 septembre dernier entre le parti \u2026<\/p>\n<p>L\u2019article <a rel=\"nofollow\" href=\"https:\/\/lepays.bf\/alliance-entre-le-parti-au-pouvoir-et-celui-de-yahya-jammeh-en-gambie-2\/\">ALLIANCE ENTRE LE PARTI AU POUVOIR ET CELUI DE YAHYA JAMMEH EN GAMBIE<\/a> est apparu en premier sur <a rel=\"nofollow\" href=\"https:\/\/lepays.bf\/\">Editions Le Pays<\/a>.<\/p>\n<\/div>\n<p>Auteur: Editions LEPAYS<br \/>\n<a href=\"https:\/\/lepays.bf\/alliance-entre-le-parti-au-pouvoir-et-celui-de-yahya-jammeh-en-gambie-2\/\">Cliquez ici pour lire l&rsquo;article depuis sa source.<\/a><\/p>\n","protected":false},"excerpt":{"rendered":"<p>A trois mois de la pr\u00e9sidentielle, l\u2019on assiste \u00e0 un v\u00e9ritable blanle-bas sociopolitique en Gambie. Les grandes man\u0153uvres ont commenc\u00e9, est-on tent\u00e9 de dire. Tant et si bien que l\u2019on voit se dessiner des rapprochements m\u00eame des plus inattendus. C\u2019est le cas, par exemple, de cette alliance sign\u00e9e le 5 septembre dernier entre le parti [&hellip;]<\/p>\n","protected":false},"author":1813,"featured_media":0,"comment_status":"closed","ping_status":"closed","sticky":false,"template":"","format":"standard","meta":{"fifu_image_url":"https:\/\/lepays.bf\/wp-content\/uploads\/2021\/09\/ALLIANCE-1.jpg","fifu_image_alt":"ALLIANCE ENTRE LE PARTI AU POUVOIR ET CELUI DE YAHYA JAMMEH EN GAMBIE","footnotes":""},"categories":[73,81],"tags":[],"class_list":["post-126475","post","type-post","status-publish","format-standard","hentry","category-actualite","category-burkina-faso"],"_links":{"self":[{"href":"https:\/\/linitiative.ca\/International\/wp-json\/wp\/v2\/posts\/126475","targetHints":{"allow":["GET"]}}],"collection":[{"href":"https:\/\/linitiative.ca\/International\/wp-json\/wp\/v2\/posts"}],"about":[{"href":"https:\/\/linitiative.ca\/International\/wp-json\/wp\/v2\/types\/post"}],"author":[{"embeddable":true,"href":"https:\/\/linitiative.ca\/International\/wp-json\/wp\/v2\/users\/1813"}],"replies":[{"embeddable":true,"href":"https:\/\/linitiative.ca\/International\/wp-json\/wp\/v2\/comments?post=126475"}],"version-history":[{"count":0,"href":"https:\/\/linitiative.ca\/International\/wp-json\/wp\/v2\/posts\/126475\/revisions"}],"wp:attachment":[{"href":"https:\/\/linitiative.ca\/International\/wp-json\/wp\/v2\/media?parent=126475"}],"wp:term":[{"taxonomy":"category","embeddable":true,"href":"https:\/\/linitiative.ca\/International\/wp-json\/wp\/v2\/categories?post=126475"},{"taxonomy":"post_tag","embeddable":true,"href":"https:\/\/linitiative.ca\/International\/wp-json\/wp\/v2\/tags?post=126475"}],"curies":[{"name":"wp","href":"https:\/\/api.w.org\/{rel}","templated":true}]}}