{"id":126477,"date":"2021-09-08T17:10:20","date_gmt":"2021-09-08T21:10:20","guid":{"rendered":"https:\/\/linitiative.ca\/International\/deces-de-amobe-mevegue-un-defenseur-de-la-culture-africaine-sen-est-alle\/"},"modified":"2021-09-08T17:10:20","modified_gmt":"2021-09-08T21:10:20","slug":"deces-de-amobe-mevegue-un-defenseur-de-la-culture-africaine-sen-est-alle","status":"publish","type":"post","link":"https:\/\/linitiative.ca\/International\/deces-de-amobe-mevegue-un-defenseur-de-la-culture-africaine-sen-est-alle\/","title":{"rendered":"D\u00e9c\u00e8s de Amob\u00e9 Mev\u00e9gu\u00e9  : un d\u00e9fenseur de la culture  africaine s\u2019en est all\u00e9"},"content":{"rendered":"<div>\n<p><strong>L\u2019animateur, journaliste et producteur camerounais, Amob\u00e9 Mev\u00e9gu\u00e9, est d\u00e9c\u00e9d\u00e9, hier mercredi 8 septembre 2021 \u00e0 Yaound\u00e9, des suites d\u2019une \u00ab\u00a0maladie soudaine\u00a0\u00bb. Il avait 52 ans.<\/strong><\/p>\n<p>Le monde des m\u00e9dias et de la culture africaine est en deuil. La voix du c\u00e9l\u00e8bre journaliste et animateur camerounais, Amob\u00e9 Mev\u00e9gu\u00e9, s\u2019est \u00e9teinte \u00e0 jamais. La nouvelle de sa brutale disparition est tomb\u00e9e, hier mercredi 8 septembre 2021 en fin de matin\u00e9e. \u00ab\u00a0C\u2019est avec une grande tristesse que nous vous annon\u00e7ons qu\u2019Amob\u00e9 est parti rejoindre ses anc\u00eatres. Il laisse derri\u00e8re lui un grand vide\u00a0\u00bb, pouvait-on lire sur sa page Facebook. A l\u2019instar de l\u2019animateur vedette de l\u2019\u00e9mission \u00ab\u00a0Couleurs tropicales\u00a0\u00bb sur Radio France Internationale (RFI), Claudy Siar, l\u2019une des journalistes de France24, Aziza Nait Sibaha confirmera plus tard, dans un tweet, la tragique nouvelle : \u00ab\u00a0Notre coll\u00e8gue Amob\u00e9 M\u00e9v\u00e9gu\u00e9 n\u2019est plus. Le dealer d\u2019ondes positives comme il aimait le dire, nous a quitt\u00e9s. Une grande perte pour le monde des m\u00e9dias et de la culture. Un homme de grande gentillesse et avec un grand c\u0153ur connu de tous. Adieu Amob\u00e9, que la terre te soit l\u00e9g\u00e8re\u00a0\u00bb\u2026 N\u00e9 au\u00a0Cameroun\u00a0en 1968,\u00a0Amob\u00e9 M\u00e9v\u00e9gu\u00e9\u00a0arrive en France \u00e0 l\u2019\u00e2ge de cinq ans.<\/p>\n<p>Dipl\u00f4m\u00e9 d\u2019un\u00a0DEUG\u00a0de communication et d\u2019une licence d\u2019\u00e9tudes cin\u00e9matographiques, il poursuit sa formation au\u00a0Conservatoire libre du cin\u00e9ma fran\u00e7ais\u00a0de Paris (promotion 92\/94). \u00c0 cette \u00e9poque, il travaille pour plusieurs radios africaines et antillaises (Tropic FM, Media Tropical). Il r\u00e9alise aussi des courts-m\u00e9trages (Nola Darling, Tenue correcte exig\u00e9e). D\u00e8s le milieu des ann\u00e9es\u00a01980, il fait figure de pionnier en prenant part \u00e0 l\u2019aventure de\u00a0Tabala FM, premi\u00e8re radio africaine \u00e9tablie en France. C\u2019est l\u00e0 qu\u2019il d\u00e9ploie sa passion pour le journalisme essentiellement autour des questions de d\u00e9veloppement durable. \u00c0 partir de 1994, il produit\u00a0\u00ab\u00a0Plein Sud\u00a0\u00bb, aujourd\u2019hui encore la plus ancienne \u00e9mission quotidienne, diffus\u00e9e pour plus de\u00a045 millions\u00a0d\u2019auditeurs, sur les ondes de RFI. En 1996, en parall\u00e8le \u00e0 ses activit\u00e9s chez RFI, il coproduit Africa Musica, le premier hit-parade des musiques africaines. Cette \u00e9mission est diffus\u00e9e sur le r\u00e9seau des cha\u00eenes de t\u00e9l\u00e9visions nationales d\u2019une trentaine de pays d\u2019Afrique gr\u00e2ce \u00e0 Canal France Internationale (CFI).<\/p>\n<p><strong>Un homme engag\u00e9<\/strong><\/p>\n<p>En 1998, sur MCM Africa, il invente avec Myriam Seurat, le premier talk-show quotidien de la diversit\u00e9. La m\u00eame ann\u00e9e, alors PDG de la soci\u00e9t\u00e9 MVG, c\u2019est aux c\u00f4t\u00e9s de son ami, le c\u00e9l\u00e8bre journaliste ivoirien Joseph Andjou, qu\u2019il produit pour Canal+ le film documentaire \u00ab\u00a0Abidjan on dit quoi\u00a0\u00bb autour du th\u00e8me de l\u2019humour ivoirien. En 2000, il cr\u00e9e le magazine de presse \u00e9crite Afrobiz tir\u00e9 \u00e0 50 000 exemplaires, ainsi que le site associ\u00e9 Afrobiz.com. \u00c0 partir de 2002, et pendant quatre saisons sur TV5Monde, pour l\u2019\u00e9mission Acoustic, il re\u00e7oit sur son plateau les plus grands noms de la musique internationale. Depuis 2010, il anime le journal de la culture musique de la cha\u00eene d\u2019information internationale France 24. Depuis 2014, Amob\u00e9 M\u00e9v\u00e9gu\u00e9 anime, aussi aux c\u00f4t\u00e9s de Lise-Laure Etia et de Christian Eboul\u00e9, le magazine mensuel Africanit\u00e9s d\u00e9di\u00e9 au continent africain et \u00e0 tous les Africains qui rayonnent \u00e0 travers le monde. Cette \u00e9mission aborde les grands th\u00e8mes de soci\u00e9t\u00e9 et la culture au sein de d\u00e9bats avec un invit\u00e9. Dirigeant de m\u00e9dia depuis la cr\u00e9ation du magazine Afrobiz, il est \u00e0 la t\u00eate de la cha\u00eene de t\u00e9l\u00e9vision panafricaine Ubiznews, disponible en Afrique sur le bouquet canal satellite et en France sur le c\u00e2ble.<\/p>\n<p>Pendant de longues ann\u00e9es, par son engagement il soutient et promet de nombreuses initiatives en Afrique et dans les Cara\u00efbes. D\u00e8s 1992, il cr\u00e9e l\u2019association \u00ab\u00a0Paz une tune en cr\u00e9ation\u00a0\u00bb au sein de laquelle, il impulse de nombreux projets \u00e0 vocation culturelle et sociale. Cet engagement se concr\u00e9tise notamment par la cr\u00e9ation en 2004 de \u00ab\u00a0Famous\u00a0\u00bb, le festival afro-asiatique des \u0153uvres universelles de solidarit\u00e9. Cette association qui changera un peu plus tard de d\u00e9nomination est d\u00e9sormais intitul\u00e9e \u00ab\u00a0L\u2019acad\u00e9mie du plus beau r\u00eave africain\u00a0\u00bb, le Amobaday, qui signifie \u00ab\u00a0Amob\u00e9 Most Beautiful African Dream Academy for the Youth\u00a0\u00bb. Son but est de r\u00e9aliser les r\u00eaves des porteurs de projets sur le continent africain que le regrett\u00e9 et illustre journaliste culturel a tant aim\u00e9s et d\u00e9fendus.<\/p>\n<p style=\"text-align: right\"><strong>W. Aubin NANA <\/strong><\/p>\n<p style=\"text-align: right\"><strong>nanaubin@yahoo.fr <\/strong><\/p>\n<p style=\"text-align: right\"><strong>Sources:www.fr.wikipedia.org, <\/strong><\/p>\n<p style=\"text-align: right\"><strong>www.7info.ci,<\/strong><\/p>\n<p style=\"text-align: right\"><strong> www.lebledparle.com <\/strong><\/p>\n<p>L\u2019article <a rel=\"nofollow\" href=\"https:\/\/www.sidwaya.info\/blog\/2021\/09\/08\/deces-de-amobe-mevegue-un-defenseur-de-la-culture-africaine-sen-est-alle\/\">D\u00e9c\u00e8s de Amob\u00e9 Mev\u00e9gu\u00e9  : un d\u00e9fenseur de la culture  africaine s\u2019en est all\u00e9<\/a> est apparu en premier sur <a rel=\"nofollow\" href=\"https:\/\/www.sidwaya.info\/\">Quotidien Sidwaya<\/a>.<\/p>\n<\/div>\n<p>Auteur: BM. Sidwaya<br \/>\n<a href=\"https:\/\/www.sidwaya.info\/blog\/2021\/09\/08\/deces-de-amobe-mevegue-un-defenseur-de-la-culture-africaine-sen-est-alle\/\">Cliquez ici pour lire l&rsquo;article depuis sa source.<\/a><\/p>\n","protected":false},"excerpt":{"rendered":"<p>L\u2019animateur, journaliste et producteur camerounais, Amob\u00e9 Mev\u00e9gu\u00e9, est d\u00e9c\u00e9d\u00e9, hier mercredi 8 septembre 2021 \u00e0 Yaound\u00e9, des suites d\u2019une \u00ab\u00a0maladie soudaine\u00a0\u00bb. Il avait 52 ans. Le monde des m\u00e9dias et de la culture africaine est en deuil. La voix du c\u00e9l\u00e8bre journaliste et animateur camerounais, Amob\u00e9 Mev\u00e9gu\u00e9, s\u2019est \u00e9teinte \u00e0 jamais. La nouvelle de sa [&hellip;]<\/p>\n","protected":false},"author":1816,"featured_media":0,"comment_status":"closed","ping_status":"closed","sticky":false,"template":"","format":"standard","meta":{"fifu_image_url":"","fifu_image_alt":"","footnotes":""},"categories":[73,81],"tags":[],"class_list":["post-126477","post","type-post","status-publish","format-standard","hentry","category-actualite","category-burkina-faso"],"_links":{"self":[{"href":"https:\/\/linitiative.ca\/International\/wp-json\/wp\/v2\/posts\/126477","targetHints":{"allow":["GET"]}}],"collection":[{"href":"https:\/\/linitiative.ca\/International\/wp-json\/wp\/v2\/posts"}],"about":[{"href":"https:\/\/linitiative.ca\/International\/wp-json\/wp\/v2\/types\/post"}],"author":[{"embeddable":true,"href":"https:\/\/linitiative.ca\/International\/wp-json\/wp\/v2\/users\/1816"}],"replies":[{"embeddable":true,"href":"https:\/\/linitiative.ca\/International\/wp-json\/wp\/v2\/comments?post=126477"}],"version-history":[{"count":0,"href":"https:\/\/linitiative.ca\/International\/wp-json\/wp\/v2\/posts\/126477\/revisions"}],"wp:attachment":[{"href":"https:\/\/linitiative.ca\/International\/wp-json\/wp\/v2\/media?parent=126477"}],"wp:term":[{"taxonomy":"category","embeddable":true,"href":"https:\/\/linitiative.ca\/International\/wp-json\/wp\/v2\/categories?post=126477"},{"taxonomy":"post_tag","embeddable":true,"href":"https:\/\/linitiative.ca\/International\/wp-json\/wp\/v2\/tags?post=126477"}],"curies":[{"name":"wp","href":"https:\/\/api.w.org\/{rel}","templated":true}]}}