{"id":126484,"date":"2021-09-08T16:18:03","date_gmt":"2021-09-08T20:18:03","guid":{"rendered":"https:\/\/linitiative.ca\/International\/venance-konan-nomme-au-conseil-de-la-societe-ivoirienne-de-telediffusion\/"},"modified":"2021-09-08T16:18:03","modified_gmt":"2021-09-08T20:18:03","slug":"venance-konan-nomme-au-conseil-de-la-societe-ivoirienne-de-telediffusion","status":"publish","type":"post","link":"https:\/\/linitiative.ca\/International\/venance-konan-nomme-au-conseil-de-la-societe-ivoirienne-de-telediffusion\/","title":{"rendered":"Venance Konan nomm\u00e9 au Conseil de la soci\u00e9t\u00e9 Ivoirienne de t\u00e9l\u00e9diffusion"},"content":{"rendered":"<div>\n<p><img loading=\"lazy\" decoding=\"async\" width=\"512\" height=\"393\" src=\"https:\/\/linitiative.ca\/International\/wp-content\/uploads\/sites\/23\/2021\/09\/16311322832392.jpg\" class=\"attachment-post-thumbnail size-post-thumbnail wp-post-image\" alt=\"\" srcset=\"https:\/\/linitiative.ca\/International\/wp-content\/uploads\/sites\/23\/2021\/09\/16311322832392.jpg 512w, https:\/\/www.journalducameroun.com\/wp-content\/uploads\/2021\/09\/16311322832392-300x230.jpg 300w\" sizes=\"auto, (max-width: 512px) 100vw, 512px\"><\/p>\n<p>L&rsquo;\u00e9m\u00e9rite journaliste ivoirien Venance Konan, ex-directeur g\u00e9n\u00e9ral du journal pro-gouvernemental Fraternit\u00e9 Matin, a \u00e9t\u00e9 nomm\u00e9 au Conseil d&rsquo;administration de la soci\u00e9t\u00e9 Ivoirienne de t\u00e9l\u00e9diffusion (IDT, publique), en qualit\u00e9 de repr\u00e9sentant du pr\u00e9sident de la R\u00e9publique.<\/p>\n<p>M. Venance Konan a \u00e9t\u00e9 nomm\u00e9 comme membre de la soci\u00e9t\u00e9 d&rsquo;\u00c9tat IDT, \u00ab au titre de la pr\u00e9sidence de la R\u00e9publique \u00bb, selon un d\u00e9cret lu mercredi, face \u00e0 la presse, par le porte-parole du gouvernement, Amadou Coulibaly, \u00e0 l&rsquo;issue d&rsquo;un Conseil des ministres. \u00a0\u00a0<\/p>\n<p>M. Venance Konan a quitt\u00e9 la t\u00eate du journal pro-gouvernemental Fraternit\u00e9 Matin, il y a quelques semaines, selon une note du Conseil d&rsquo;administration, qui annon\u00e7ait son DGA Serge Abdel Nouho comme directeur g\u00e9n\u00e9ral int\u00e9rimaire.<\/p>\n<p>Le directeur g\u00e9n\u00e9ral par int\u00e9rim, Serge Abdel Nouho, a \u00e9t\u00e9 nomm\u00e9 en ao\u00fbt 2021 directeur g\u00e9n\u00e9ral de la Soci\u00e9t\u00e9 nouvelle de presse et d&rsquo;\u00e9dition de C\u00f4te d&rsquo;Ivoire (SNPECI), structure \u00e9ditrice du journal pro-gouvernemental Fraternit\u00e9 Matin.<\/p>\n<p>Cet article <a rel=\"nofollow\" href=\"https:\/\/www.journalducameroun.com\/venance-konan-nomme-au-conseil-de-la-societe-ivoirienne-de-telediffusion\/\">Venance Konan nomm\u00e9 au Conseil de la soci\u00e9t\u00e9 Ivoirienne de t\u00e9l\u00e9diffusion<\/a> est apparu en premier sur <a rel=\"nofollow\" href=\"https:\/\/www.journalducameroun.com\/\">Journal du Cameroun<\/a>.<\/p>\n<\/div>\n<p>Auteur: APA News<br \/>\n<a href=\"https:\/\/www.journalducameroun.com\/venance-konan-nomme-au-conseil-de-la-societe-ivoirienne-de-telediffusion\/\">Cliquez ici pour lire l&rsquo;article depuis sa source.<\/a><\/p>\n","protected":false},"excerpt":{"rendered":"<p>L&rsquo;\u00e9m\u00e9rite journaliste ivoirien Venance Konan, ex-directeur g\u00e9n\u00e9ral du journal pro-gouvernemental Fraternit\u00e9 Matin, a \u00e9t\u00e9 nomm\u00e9 au Conseil d&rsquo;administration de la soci\u00e9t\u00e9 Ivoirienne de t\u00e9l\u00e9diffusion (IDT, publique), en qualit\u00e9 de repr\u00e9sentant du pr\u00e9sident de la R\u00e9publique. M. Venance Konan a \u00e9t\u00e9 nomm\u00e9 comme membre de la soci\u00e9t\u00e9 d&rsquo;\u00c9tat IDT, \u00ab au titre de la pr\u00e9sidence de [&hellip;]<\/p>\n","protected":false},"author":1965,"featured_media":0,"comment_status":"closed","ping_status":"closed","sticky":false,"template":"","format":"standard","meta":{"fifu_image_url":"https:\/\/www.journalducameroun.com\/wp-content\/uploads\/2021\/09\/16311322832392.jpg","fifu_image_alt":"Venance Konan nomm\u00e9 au Conseil de la soci\u00e9t\u00e9 Ivoirienne de t\u00e9l\u00e9diffusion","footnotes":""},"categories":[73,82],"tags":[],"class_list":["post-126484","post","type-post","status-publish","format-standard","hentry","category-actualite","category-cameroun"],"_links":{"self":[{"href":"https:\/\/linitiative.ca\/International\/wp-json\/wp\/v2\/posts\/126484","targetHints":{"allow":["GET"]}}],"collection":[{"href":"https:\/\/linitiative.ca\/International\/wp-json\/wp\/v2\/posts"}],"about":[{"href":"https:\/\/linitiative.ca\/International\/wp-json\/wp\/v2\/types\/post"}],"author":[{"embeddable":true,"href":"https:\/\/linitiative.ca\/International\/wp-json\/wp\/v2\/users\/1965"}],"replies":[{"embeddable":true,"href":"https:\/\/linitiative.ca\/International\/wp-json\/wp\/v2\/comments?post=126484"}],"version-history":[{"count":0,"href":"https:\/\/linitiative.ca\/International\/wp-json\/wp\/v2\/posts\/126484\/revisions"}],"wp:attachment":[{"href":"https:\/\/linitiative.ca\/International\/wp-json\/wp\/v2\/media?parent=126484"}],"wp:term":[{"taxonomy":"category","embeddable":true,"href":"https:\/\/linitiative.ca\/International\/wp-json\/wp\/v2\/categories?post=126484"},{"taxonomy":"post_tag","embeddable":true,"href":"https:\/\/linitiative.ca\/International\/wp-json\/wp\/v2\/tags?post=126484"}],"curies":[{"name":"wp","href":"https:\/\/api.w.org\/{rel}","templated":true}]}}