{"id":126486,"date":"2021-09-08T17:18:02","date_gmt":"2021-09-08T21:18:02","guid":{"rendered":"https:\/\/linitiative.ca\/International\/la-guinee-suspendue-des-instances-de-la-cedeao\/"},"modified":"2021-09-08T17:18:02","modified_gmt":"2021-09-08T21:18:02","slug":"la-guinee-suspendue-des-instances-de-la-cedeao","status":"publish","type":"post","link":"https:\/\/linitiative.ca\/International\/la-guinee-suspendue-des-instances-de-la-cedeao\/","title":{"rendered":"La Guin\u00e9e suspendue des instances de la Cedeao"},"content":{"rendered":"<div>\n<p><img loading=\"lazy\" decoding=\"async\" width=\"1080\" height=\"636\" src=\"https:\/\/linitiative.ca\/International\/wp-content\/uploads\/sites\/23\/2021\/09\/16311358822192.jpg\" class=\"attachment-post-thumbnail size-post-thumbnail wp-post-image\" alt=\"\" srcset=\"https:\/\/linitiative.ca\/International\/wp-content\/uploads\/sites\/23\/2021\/09\/16311358822192.jpg 1080w, https:\/\/www.journalducameroun.com\/wp-content\/uploads\/2021\/09\/16311358822192-300x177.jpg 300w, https:\/\/www.journalducameroun.com\/wp-content\/uploads\/2021\/09\/16311358822192-768x452.jpg 768w, https:\/\/www.journalducameroun.com\/wp-content\/uploads\/2021\/09\/16311358822192-1024x603.jpg 1024w, https:\/\/www.journalducameroun.com\/wp-content\/uploads\/2021\/09\/16311358822192-747x440.jpg 747w, https:\/\/www.journalducameroun.com\/wp-content\/uploads\/2021\/09\/16311358822192-600x353.jpg 600w\" sizes=\"auto, (max-width: 1080px) 100vw, 1080px\"><\/p>\n<p>La Communaut\u00e9 \u00e9conomique des \u00c9tats de l&rsquo;Afrique de l&rsquo;Ouest (C\u00e9d\u00e9ao) a suspendu, ce mercredi, la Guin\u00e9e de ses instances de d\u00e9cisions suite au putsch ayant renvers\u00e9, dimanche dernier, le pr\u00e9sident Alpha Cond\u00e9.L&rsquo;organisation sous r\u00e9gionale exige \u00e9galement la lib\u00e9ration imm\u00e9diate d&rsquo;Alpha Cond\u00e9 et elle \u00ab a d\u00e9cid\u00e9 d&rsquo;envoyer, d\u00e8s demain jeudi, une d\u00e9l\u00e9gation de haut rang \u00bb en Guin\u00e9e \u00ab pour discuter avec les nouvelles autorit\u00e9s \u00bb, a dit \u00e0 des journalistes, \u00e0 Ouagadougou, le ministre burkinab\u00e8 des Affaires \u00e9trang\u00e8res, Alpha Barry, qui a pris part au sommet de la Cedeao par visioconf\u00e9rence.<\/p>\n<p>Il n&rsquo;a toutefois pas \u00e9voqu\u00e9 de sanctions \u00e9conomiques comme c&rsquo;\u00e9tait le cas avec le Mali dont les fronti\u00e8res avaient \u00e9t\u00e9 ferm\u00e9es apr\u00e8s le coup d&rsquo;Etat contre le pr\u00e9sident Ibrahim Boubacar Keita.<\/p>\n<p>Dans son allocution d&rsquo;ouverture de ce sommet virtuel, le pr\u00e9sident du Ghana, Nana Akufo-Addo, avait d\u00e9nonc\u00e9 une \u00ab violation claire \u00bb de la Charte de bonne gouvernance de la Cedeao et \u00ab un incident malheureux et regrettable \u00bb pour qualifier le coup d&rsquo;\u00c9tat men\u00e9 par les forces sp\u00e9ciales, emmen\u00e9es par le colonel Mamady Doumbouya. D\u00e8s dimanche, la Cedeao avait d\u00e9j\u00e0 condamn\u00e9 la prise de pouvoir par les militaires, et l&rsquo;arrestation du pr\u00e9sident Alpha Cond\u00e9.<\/p>\n<p>Les chefs d&rsquo;Etats r\u00e9clament par ailleurs que les militaires \u00ab mettent en place un processus qui permette d&rsquo;arriver tr\u00e8s rapidement \u00e0 un retour \u00e0 l&rsquo;ordre constitutionnel normal \u00bb, a pr\u00e9cis\u00e9 Alpha Barry.<\/p>\n<p>Cet article <a rel=\"nofollow\" href=\"https:\/\/www.journalducameroun.com\/la-guinee-suspendue-des-instances-de-la-cedeao\/\">La Guin\u00e9e suspendue des instances de la Cedeao<\/a> est apparu en premier sur <a rel=\"nofollow\" href=\"https:\/\/www.journalducameroun.com\/\">Journal du Cameroun<\/a>.<\/p>\n<\/div>\n<p>Auteur: APA News<br \/>\n<a href=\"https:\/\/www.journalducameroun.com\/la-guinee-suspendue-des-instances-de-la-cedeao\/\">Cliquez ici pour lire l&rsquo;article depuis sa source.<\/a><\/p>\n","protected":false},"excerpt":{"rendered":"<p>La Communaut\u00e9 \u00e9conomique des \u00c9tats de l&rsquo;Afrique de l&rsquo;Ouest (C\u00e9d\u00e9ao) a suspendu, ce mercredi, la Guin\u00e9e de ses instances de d\u00e9cisions suite au putsch ayant renvers\u00e9, dimanche dernier, le pr\u00e9sident Alpha Cond\u00e9.L&rsquo;organisation sous r\u00e9gionale exige \u00e9galement la lib\u00e9ration imm\u00e9diate d&rsquo;Alpha Cond\u00e9 et elle \u00ab a d\u00e9cid\u00e9 d&rsquo;envoyer, d\u00e8s demain jeudi, une d\u00e9l\u00e9gation de haut rang [&hellip;]<\/p>\n","protected":false},"author":1965,"featured_media":0,"comment_status":"closed","ping_status":"closed","sticky":false,"template":"","format":"standard","meta":{"fifu_image_url":"https:\/\/www.journalducameroun.com\/wp-content\/uploads\/2021\/09\/16311358822192.jpg","fifu_image_alt":"La Guin\u00e9e suspendue des instances de la Cedeao","footnotes":""},"categories":[73,82],"tags":[],"class_list":["post-126486","post","type-post","status-publish","format-standard","hentry","category-actualite","category-cameroun"],"_links":{"self":[{"href":"https:\/\/linitiative.ca\/International\/wp-json\/wp\/v2\/posts\/126486","targetHints":{"allow":["GET"]}}],"collection":[{"href":"https:\/\/linitiative.ca\/International\/wp-json\/wp\/v2\/posts"}],"about":[{"href":"https:\/\/linitiative.ca\/International\/wp-json\/wp\/v2\/types\/post"}],"author":[{"embeddable":true,"href":"https:\/\/linitiative.ca\/International\/wp-json\/wp\/v2\/users\/1965"}],"replies":[{"embeddable":true,"href":"https:\/\/linitiative.ca\/International\/wp-json\/wp\/v2\/comments?post=126486"}],"version-history":[{"count":0,"href":"https:\/\/linitiative.ca\/International\/wp-json\/wp\/v2\/posts\/126486\/revisions"}],"wp:attachment":[{"href":"https:\/\/linitiative.ca\/International\/wp-json\/wp\/v2\/media?parent=126486"}],"wp:term":[{"taxonomy":"category","embeddable":true,"href":"https:\/\/linitiative.ca\/International\/wp-json\/wp\/v2\/categories?post=126486"},{"taxonomy":"post_tag","embeddable":true,"href":"https:\/\/linitiative.ca\/International\/wp-json\/wp\/v2\/tags?post=126486"}],"curies":[{"name":"wp","href":"https:\/\/api.w.org\/{rel}","templated":true}]}}