{"id":126488,"date":"2021-09-08T17:18:02","date_gmt":"2021-09-08T21:18:02","guid":{"rendered":"https:\/\/linitiative.ca\/International\/maroc-elections-le-taux-de-participation-est-de-5018-au-niveau-national-ministere-de-linterieur\/"},"modified":"2021-09-08T17:18:02","modified_gmt":"2021-09-08T21:18:02","slug":"maroc-elections-le-taux-de-participation-est-de-5018-au-niveau-national-ministere-de-linterieur","status":"publish","type":"post","link":"https:\/\/linitiative.ca\/International\/maroc-elections-le-taux-de-participation-est-de-5018-au-niveau-national-ministere-de-linterieur\/","title":{"rendered":"Maroc\/Elections: Le taux de participation est de 50,18% au niveau national (minist\u00e8re de l\u2019Int\u00e9rieur)"},"content":{"rendered":"<div>\n<p><img loading=\"lazy\" decoding=\"async\" width=\"1600\" height=\"1066\" src=\"https:\/\/linitiative.ca\/International\/wp-content\/uploads\/sites\/23\/2021\/09\/16311358828381.jpg\" class=\"attachment-post-thumbnail size-post-thumbnail wp-post-image\" alt=\"\" srcset=\"https:\/\/linitiative.ca\/International\/wp-content\/uploads\/sites\/23\/2021\/09\/16311358828381.jpg 1600w, https:\/\/www.journalducameroun.com\/wp-content\/uploads\/2021\/09\/16311358828381-300x200.jpg 300w, https:\/\/www.journalducameroun.com\/wp-content\/uploads\/2021\/09\/16311358828381-768x512.jpg 768w, https:\/\/www.journalducameroun.com\/wp-content\/uploads\/2021\/09\/16311358828381-1024x682.jpg 1024w, https:\/\/www.journalducameroun.com\/wp-content\/uploads\/2021\/09\/16311358828381-660x440.jpg 660w, https:\/\/www.journalducameroun.com\/wp-content\/uploads\/2021\/09\/16311358828381-600x400.jpg 600w\" sizes=\"auto, (max-width: 1600px) 100vw, 1600px\"><\/p>\n<p>Le taux de participation au triple scrutin l\u00e9gislatif, r\u00e9gional et communal, qui s&rsquo;est d\u00e9roul\u00e9 ce mercredi au Maroc, a atteint 50,18% au niveau national, a annonc\u00e9 le minist\u00e8re de l&rsquo;Int\u00e9rieur dans un communiqu\u00e9.Selon le minist\u00e8re, le d\u00e9roulement de l&rsquo;op\u00e9ration de vote a eu lieu en g\u00e9n\u00e9ral dans des circonstances \u00ab normales \u00bb dans l&rsquo;ensemble des r\u00e9gions du Royaume, \u00ab \u00e0 l&rsquo;exception de cas tr\u00e8s \u00ab isol\u00e9s \u00bb ayant port\u00e9 sur des bureaux de vote limit\u00e9 \u00bb, souligne le minist\u00e8re.<\/p>\n<p>Les bureaux de vote pour les \u00e9lections g\u00e9n\u00e9rales au Maroc ont ferm\u00e9 \u00e0 19H00 (18H00 GMT).<\/p>\n<p>Les 17,5 millions d&rsquo;\u00e9lecteurs ont \u00e9lu les 395 d\u00e9put\u00e9s de la Chambre des repr\u00e9sentants (chambre basse) et plus de 31.000 \u00e9lus communaux et r\u00e9gionaux. Le prochain chef du gouvernement est issu du parti arriv\u00e9 en t\u00eate du scrutin l\u00e9gislatif.<\/p>\n<p>Ces \u00e9lections, les troisi\u00e8mes du genre depuis l&rsquo;adoption de la Constitution de 2011, se sont pass\u00e9es dans des circonstances exceptionnelles marqu\u00e9es par la pand\u00e9mie du Covid-19 qui a impact\u00e9 le d\u00e9roulement de la campagne \u00e9lectorale. Ainsi, les partis politiques ont \u00e9t\u00e9 contraints de remplacer les meetings par le recours aux nouvelles technologies, via les r\u00e9seaux sociaux, pour pr\u00e9senter leurs programmes \u00e9lectoraux.<\/p>\n<p>Ce scrutin s&rsquo;est d\u00e9roul\u00e9 aussi apr\u00e8s la r\u00e9forme du code \u00e9lectoral qui a chang\u00e9 la formule du quotient, supprim\u00e9 le seuil \u00e9lectoral et \u00e9largi les cas d&rsquo;incompatibilit\u00e9 dans le cumul des mandats.<\/p>\n<p>Selon les statistiques officielles, le nombre de candidatures a atteint 1.704 pour les \u00e9lections \u00e0 la Chambre des repr\u00e9sentants (chambre basse), 1.123 pour les Conseils des r\u00e9gions, tandis que 157.569 candidatures ont \u00e9t\u00e9 pr\u00e9sent\u00e9es pour les \u00e9lections communales.<\/p>\n<p>Cet article <a rel=\"nofollow\" href=\"https:\/\/www.journalducameroun.com\/maroc-elections-le-taux-de-participation-est-de-5018-au-niveau-national-ministere-de-linterieur\/\">Maroc\/Elections: Le taux de participation est de 50,18% au niveau national (minist\u00e8re de l\u2019Int\u00e9rieur)<\/a> est apparu en premier sur <a rel=\"nofollow\" href=\"https:\/\/www.journalducameroun.com\/\">Journal du Cameroun<\/a>.<\/p>\n<\/div>\n<p>Auteur: APA News<br \/>\n<a href=\"https:\/\/www.journalducameroun.com\/maroc-elections-le-taux-de-participation-est-de-5018-au-niveau-national-ministere-de-linterieur\/\">Cliquez ici pour lire l&rsquo;article depuis sa source.<\/a><\/p>\n","protected":false},"excerpt":{"rendered":"<p>Le taux de participation au triple scrutin l\u00e9gislatif, r\u00e9gional et communal, qui s&rsquo;est d\u00e9roul\u00e9 ce mercredi au Maroc, a atteint 50,18% au niveau national, a annonc\u00e9 le minist\u00e8re de l&rsquo;Int\u00e9rieur dans un communiqu\u00e9.Selon le minist\u00e8re, le d\u00e9roulement de l&rsquo;op\u00e9ration de vote a eu lieu en g\u00e9n\u00e9ral dans des circonstances \u00ab normales \u00bb dans l&rsquo;ensemble des [&hellip;]<\/p>\n","protected":false},"author":1965,"featured_media":0,"comment_status":"closed","ping_status":"closed","sticky":false,"template":"","format":"standard","meta":{"fifu_image_url":"https:\/\/www.journalducameroun.com\/wp-content\/uploads\/2021\/09\/16311358828381.jpg","fifu_image_alt":"Maroc\/Elections: Le taux de participation est de 50,18% au niveau national (minist\u00e8re de l\u2019Int\u00e9rieur)","footnotes":""},"categories":[73,82],"tags":[],"class_list":["post-126488","post","type-post","status-publish","format-standard","hentry","category-actualite","category-cameroun"],"_links":{"self":[{"href":"https:\/\/linitiative.ca\/International\/wp-json\/wp\/v2\/posts\/126488","targetHints":{"allow":["GET"]}}],"collection":[{"href":"https:\/\/linitiative.ca\/International\/wp-json\/wp\/v2\/posts"}],"about":[{"href":"https:\/\/linitiative.ca\/International\/wp-json\/wp\/v2\/types\/post"}],"author":[{"embeddable":true,"href":"https:\/\/linitiative.ca\/International\/wp-json\/wp\/v2\/users\/1965"}],"replies":[{"embeddable":true,"href":"https:\/\/linitiative.ca\/International\/wp-json\/wp\/v2\/comments?post=126488"}],"version-history":[{"count":0,"href":"https:\/\/linitiative.ca\/International\/wp-json\/wp\/v2\/posts\/126488\/revisions"}],"wp:attachment":[{"href":"https:\/\/linitiative.ca\/International\/wp-json\/wp\/v2\/media?parent=126488"}],"wp:term":[{"taxonomy":"category","embeddable":true,"href":"https:\/\/linitiative.ca\/International\/wp-json\/wp\/v2\/categories?post=126488"},{"taxonomy":"post_tag","embeddable":true,"href":"https:\/\/linitiative.ca\/International\/wp-json\/wp\/v2\/tags?post=126488"}],"curies":[{"name":"wp","href":"https:\/\/api.w.org\/{rel}","templated":true}]}}