{"id":126492,"date":"2021-09-08T17:18:03","date_gmt":"2021-09-08T21:18:03","guid":{"rendered":"https:\/\/linitiative.ca\/International\/la-cote-divoire-veut-classifier-les-entreprises-operant-dans-les-travaux-routiers\/"},"modified":"2021-09-08T17:18:03","modified_gmt":"2021-09-08T21:18:03","slug":"la-cote-divoire-veut-classifier-les-entreprises-operant-dans-les-travaux-routiers","status":"publish","type":"post","link":"https:\/\/linitiative.ca\/International\/la-cote-divoire-veut-classifier-les-entreprises-operant-dans-les-travaux-routiers\/","title":{"rendered":"La C\u00f4te d\u2019Ivoire veut classifier les entreprises op\u00e9rant dans les travaux routiers"},"content":{"rendered":"<div>\n<p><img loading=\"lazy\" decoding=\"async\" width=\"800\" height=\"533\" src=\"https:\/\/linitiative.ca\/International\/wp-content\/uploads\/sites\/23\/2021\/09\/16311358836108.jpg\" class=\"attachment-post-thumbnail size-post-thumbnail wp-post-image\" alt=\"\" srcset=\"https:\/\/linitiative.ca\/International\/wp-content\/uploads\/sites\/23\/2021\/09\/16311358836108.jpg 800w, https:\/\/www.journalducameroun.com\/wp-content\/uploads\/2021\/09\/16311358836108-300x200.jpg 300w, https:\/\/www.journalducameroun.com\/wp-content\/uploads\/2021\/09\/16311358836108-768x512.jpg 768w, https:\/\/www.journalducameroun.com\/wp-content\/uploads\/2021\/09\/16311358836108-660x440.jpg 660w, https:\/\/www.journalducameroun.com\/wp-content\/uploads\/2021\/09\/16311358836108-600x400.jpg 600w\" sizes=\"auto, (max-width: 800px) 100vw, 800px\"><\/p>\n<p>La C\u00f4te d&rsquo;Ivoire, qui envisage de cr\u00e9er des champions nationaux dans le secteur des infrastructures routi\u00e8res, \u0153uvre \u00e0 mettre en place des \u00ab crit\u00e8res pointus pour classifier les entreprises\u00bb intervenant dans les travaux routiers.<\/p>\n<p>Dans cet \u00e9lan, le minist\u00e8re de l&rsquo;Equipement et de l&rsquo;entretien routier et des partenaires techniques et financiers, ont organis\u00e9 un atelier de r\u00e9flexion avec les diff\u00e9rents acteurs routiers pour d\u00e9finir les crit\u00e8res de performance des entreprises.<\/p>\n<p>Selon le directeur de cabinet adjoint du minist\u00e8re, St\u00e9phane Ezoa, il s&rsquo;agit de \u00abfaire du r\u00e9seau routier de la C\u00f4te d&rsquo;Ivoire le plus performant de la sous-r\u00e9gion\u00bb. Par cons\u00e9quent, cet outil vient en appoint pour \u00e9tablir les bases pour produire des r\u00e9sultats de qualit\u00e9.<\/p>\n<p>En vue d&rsquo;apporter une am\u00e9lioration consid\u00e9rable \u00e0 la gestion des march\u00e9s publics, il a \u00e9t\u00e9 mis en place une plateforme informatique d\u00e9nomm\u00e9e \u00ab ageroutemarche.ci \u00bb, qui permet d&rsquo;effectuer \u00e0 distance le suivi et l&rsquo;\u00e9valuation efficace des projets routiers.<\/p>\n<p>Cette plateforme dont le projet est pilot\u00e9 par l&rsquo;Agence de gestion des routes (Ageroute) est aussi suivie par la population ainsi que les partenaires nationaux et internationaux. L&rsquo;Ageroute a proc\u00e9d\u00e9 courant 2019 au d\u00e9veloppement de ce web syst\u00e8me.\u00a0<\/p>\n<p>Elle intervient dans le cadre du Programme d&rsquo;am\u00e9lioration de la gouvernance et de la d\u00e9livrance des services de biens aux populations (PAGDS), pour permettre une meilleure gestion des contrats des entreprises effectuant les travaux routiers.<\/p>\n<p>La plateforme ageroute march\u00e9, lanc\u00e9e avec le minist\u00e8re, permet aux entreprises de soumissionner, a dit M. St\u00e9phane Ezoa, ajoutant qu&rsquo;elle est appuy\u00e9e par la Banque mondiale \u00e0 hauteur de 18 millions de dollars, r\u00e9partis par \u00e9ch\u00e9ances.<\/p>\n<p>De fa\u00e7on sp\u00e9cifique, la plateforme vise \u00e0 am\u00e9liorer les proc\u00e9dures de passations des march\u00e9s publics, retracer toutes les \u00e9tapes significatives de la passation de march\u00e9, d&rsquo;archiver dans le cloud tous les documents li\u00e9s \u00e0 la passation de march\u00e9.<\/p>\n<p>Elle permet en outre de favoriser la transparence au niveau des proc\u00e9dures de passation des march\u00e9s publics, de permettre un meilleur suivi de l&rsquo;ex\u00e9cution des march\u00e9s de travaux par les partenaires nationaux, internationaux et les populations.<\/p>\n<p>Cet article <a rel=\"nofollow\" href=\"https:\/\/www.journalducameroun.com\/la-cote-divoire-veut-classifier-les-entreprises-operant-dans-les-travaux-routiers\/\">La C\u00f4te d\u2019Ivoire veut classifier les entreprises op\u00e9rant dans les travaux routiers<\/a> est apparu en premier sur <a rel=\"nofollow\" href=\"https:\/\/www.journalducameroun.com\/\">Journal du Cameroun<\/a>.<\/p>\n<\/div>\n<p>Auteur: APA News<br \/>\n<a href=\"https:\/\/www.journalducameroun.com\/la-cote-divoire-veut-classifier-les-entreprises-operant-dans-les-travaux-routiers\/\">Cliquez ici pour lire l&rsquo;article depuis sa source.<\/a><\/p>\n","protected":false},"excerpt":{"rendered":"<p>La C\u00f4te d&rsquo;Ivoire, qui envisage de cr\u00e9er des champions nationaux dans le secteur des infrastructures routi\u00e8res, \u0153uvre \u00e0 mettre en place des \u00ab crit\u00e8res pointus pour classifier les entreprises\u00bb intervenant dans les travaux routiers. Dans cet \u00e9lan, le minist\u00e8re de l&rsquo;Equipement et de l&rsquo;entretien routier et des partenaires techniques et financiers, ont organis\u00e9 un atelier [&hellip;]<\/p>\n","protected":false},"author":1965,"featured_media":0,"comment_status":"closed","ping_status":"closed","sticky":false,"template":"","format":"standard","meta":{"fifu_image_url":"https:\/\/www.journalducameroun.com\/wp-content\/uploads\/2021\/09\/16311358836108.jpg","fifu_image_alt":"La C\u00f4te d\u2019Ivoire veut classifier les entreprises op\u00e9rant dans les travaux routiers","footnotes":""},"categories":[73,82],"tags":[],"class_list":["post-126492","post","type-post","status-publish","format-standard","hentry","category-actualite","category-cameroun"],"_links":{"self":[{"href":"https:\/\/linitiative.ca\/International\/wp-json\/wp\/v2\/posts\/126492","targetHints":{"allow":["GET"]}}],"collection":[{"href":"https:\/\/linitiative.ca\/International\/wp-json\/wp\/v2\/posts"}],"about":[{"href":"https:\/\/linitiative.ca\/International\/wp-json\/wp\/v2\/types\/post"}],"author":[{"embeddable":true,"href":"https:\/\/linitiative.ca\/International\/wp-json\/wp\/v2\/users\/1965"}],"replies":[{"embeddable":true,"href":"https:\/\/linitiative.ca\/International\/wp-json\/wp\/v2\/comments?post=126492"}],"version-history":[{"count":0,"href":"https:\/\/linitiative.ca\/International\/wp-json\/wp\/v2\/posts\/126492\/revisions"}],"wp:attachment":[{"href":"https:\/\/linitiative.ca\/International\/wp-json\/wp\/v2\/media?parent=126492"}],"wp:term":[{"taxonomy":"category","embeddable":true,"href":"https:\/\/linitiative.ca\/International\/wp-json\/wp\/v2\/categories?post=126492"},{"taxonomy":"post_tag","embeddable":true,"href":"https:\/\/linitiative.ca\/International\/wp-json\/wp\/v2\/tags?post=126492"}],"curies":[{"name":"wp","href":"https:\/\/api.w.org\/{rel}","templated":true}]}}