{"id":126505,"date":"2021-09-08T12:29:20","date_gmt":"2021-09-08T16:29:20","guid":{"rendered":"https:\/\/linitiative.ca\/International\/affaire-camwater-les-conseils-de-basile-atangana-kouna-plaident-non-coupable\/"},"modified":"2021-09-08T12:29:20","modified_gmt":"2021-09-08T16:29:20","slug":"affaire-camwater-les-conseils-de-basile-atangana-kouna-plaident-non-coupable","status":"publish","type":"post","link":"https:\/\/linitiative.ca\/International\/affaire-camwater-les-conseils-de-basile-atangana-kouna-plaident-non-coupable\/","title":{"rendered":"Affaire Camwater : les Conseils de Basile Atangana Kouna plaident non coupable."},"content":{"rendered":"<div>\n<p>Basile Atangana Kouna n\u2019a aucun rapport avec l\u2019entreprise Aspac Cemac Sarl. Son avocat, Me Sack soutient que la seule entreprise qu\u2019il a sous son administration, c\u2019est la Camwater. A cet effet, le terme\u00a0\u00ab\u00a0indirectement ne peut pas s\u2019appliquer sur le contrat sign\u00e9 entre deux entreprises de droit priv\u00e9 que sont Aspac Cemac Sarl et Trinity Sarl\u00a0\u00bb<em>.<\/em>\u00a0Me Sack s\u2019oppose ainsi \u00e0 la th\u00e8se d\u00e9velopp\u00e9e par l\u2019accusation. Elle milite pour la condamnation de son client pour l\u2019infraction d\u2019int\u00e9r\u00eat dans un acte.<\/p>\n<p>A l\u2019audience du 03 septembre dernier, Me Albert Oyi\u00e9 soutient que l\u2019accus\u00e9 Basile Atangana Kouna est coupable d\u2019int\u00e9r\u00eat\u00a0 dans un acte. Pour apporter du cr\u00e9dit \u00e0 sa plaidoirie, l\u2019Avocat de la Camwater pointe un doigt accusateur sur la qualit\u00e9 de fonctionnaire de l\u2019accus\u00e9.<\/p>\n<p>En r\u00e9action, hier 08 septembre au Tribunal criminel sp\u00e9cial (Tcs), Me Sack rame \u00e0 contre-courant\u00a0:\u00a0\u00ab Ce qui est interdit aux fonctionnaires c\u2019est de faire du commerce en tant que personne physique. Il ne lui est pas interdit de prendre des parts ou des actions dans les Sarl et les Sa.\u00a0\u00bb \u00a0Le d\u00e9fenseur de Basile Atangana Kouna d\u00e9plore la variation des \u00e9l\u00e9ments de caract\u00e9risation de cette infraction \u00e0 chaque \u00e9tape de la proc\u00e9dure. Ce qui montre \u00ab\u00a0la frilosit\u00e9 de l\u2019accusation.\u00a0\u00bb<\/p>\n<p><strong>March\u00e9s publics<\/strong><\/p>\n<p>Me Sack s\u2019int\u00e9resse ensuite au cas de l\u2019accus\u00e9 Thomas Nama Aloa. Il est reproch\u00e9 \u00e0 ce dernier la facilitation de la commission de la sous-traitance non autoris\u00e9e. De l\u2019avis de l\u2019accusation,\u00a0 cette facilitation est faite au travers de la cr\u00e9ation de la soci\u00e9t\u00e9 Aspac Cemac Sarl. Ceci, en fournissant ses pi\u00e8ces d\u2019identit\u00e9. Faux, r\u00e9torque Me Sack\u00a0:\u00a0\u00ab la signature appos\u00e9e sur les photocopies de la carte d\u2019identit\u00e9 et les deux procurations \u00e9taient apparemment fausses, selon Me Koumbete Aur\u00e9lien, notaire.\u00a0\u00bb<\/p>\n<p>Par ailleurs, le Minist\u00e8re public et les avocats de la Camwater pr\u00e9sentent 2 v\u00e9hicules appartenant \u00e0 l\u2019accus\u00e9 Thomas Nama Aloa. Ces v\u00e9hicules sont d\u2019apr\u00e8s eux, le fruit de la participation de Nama Aloa au sein de l\u2019entreprise \u00a0Aspac Cemac Sarl. La d\u00e9fense note que lesdits v\u00e9hicules ont \u00e9t\u00e9 acquis avant la constitution d\u2019Aspac Cemac. Me Sack indique que la carte grise du premier v\u00e9hicule porte la date du 04 d\u00e9cembre 2008. Celle du second v\u00e9hicule est d\u00e9livr\u00e9e le 17 avril 2009.<\/p>\n<p>Me Sack souligne que \u00a0la somme de 02 millions retrouv\u00e9e dans le compte de son client\u00a0 \u00ab\u00a0n\u2019est pas disproportionn\u00e9e \u00e0 ses revenus\u00a0\u00bb, comme l\u2019a d\u00e9fendu l\u2019accusation. Il regrette le fait pour le\u00a0 Minist\u00e8re public de n\u2019avoir pas indiqu\u00e9 la p\u00e9riode pendant laquelle cette somme a \u00e9t\u00e9 constitu\u00e9e\u00a0: \u00ab\u00a0comme chef de pack de pr\u00eat de 120 v\u00e9hicules, Nama Aloa percevait un salaire de pr\u00eat de 500 mille Fcfa sans compter les avantages et frais de mission.\u00a0\u00bb a-t-il justifi\u00e9.<\/p>\n<p>\u00a0Me Sack parle de l\u2019incapacit\u00e9\u00a0 relative \u00e0 la qualification des faits de violation du code des march\u00e9s publics telle que pr\u00e9vue \u00e0 l\u2019article 106 de la loi y aff\u00e9rente. Il note que l\u2019entreprise au sein de laquelle\u00a0 son client a eu des parts a \u00e9t\u00e9 l\u2019objet de sous-traitance\u00a0: \u00ab\u00a0Dans aucun de ces cas, cet article ne parle de sous-traitance comme un cas de violation du Code des march\u00e9s publics.\u00a0\u00bb Ainsi, Me Sack demande au Tribunal de d\u00e9clarer ses clients non coupables. L\u2019audience est suspendue \u00e0 la suite des plaidoiries de la d\u00e9fense. La date du 22 septembre est pr\u00e9vue pour le d\u00e9lib\u00e9r\u00e9.\u00a0<\/p>\n<p><strong>Ren\u00e9 Ombala\u00a0<\/strong><\/p>\n<p>L\u2019article <a rel=\"nofollow\" href=\"https:\/\/ecomatin.net\/affaire-camwater-les-conseils-de-basile-atangana-kouna-plaident-non-coupable\/\">Affaire Camwater : les Conseils de Basile Atangana Kouna plaident non coupable.<\/a> est apparu en premier sur <a rel=\"nofollow\" href=\"https:\/\/ecomatin.net\/\">EcoMatin<\/a>.<\/p>\n<\/div>\n<p>Auteur: EcoMatin<br \/>\n<a href=\"https:\/\/ecomatin.net\/affaire-camwater-les-conseils-de-basile-atangana-kouna-plaident-non-coupable\/\">Cliquez ici pour lire l&rsquo;article depuis sa source.<\/a><\/p>\n","protected":false},"excerpt":{"rendered":"<p>Basile Atangana Kouna n\u2019a aucun rapport avec l\u2019entreprise Aspac Cemac Sarl. Son avocat, Me Sack soutient que la seule entreprise qu\u2019il a sous son administration, c\u2019est la Camwater. A cet effet, le terme\u00a0\u00ab\u00a0indirectement ne peut pas s\u2019appliquer sur le contrat sign\u00e9 entre deux entreprises de droit priv\u00e9 que sont Aspac Cemac Sarl et Trinity Sarl\u00a0\u00bb.\u00a0Me [&hellip;]<\/p>\n","protected":false},"author":1969,"featured_media":0,"comment_status":"closed","ping_status":"closed","sticky":false,"template":"","format":"standard","meta":{"fifu_image_url":"","fifu_image_alt":"","footnotes":""},"categories":[82,78],"tags":[],"class_list":["post-126505","post","type-post","status-publish","format-standard","hentry","category-cameroun","category-economie"],"_links":{"self":[{"href":"https:\/\/linitiative.ca\/International\/wp-json\/wp\/v2\/posts\/126505","targetHints":{"allow":["GET"]}}],"collection":[{"href":"https:\/\/linitiative.ca\/International\/wp-json\/wp\/v2\/posts"}],"about":[{"href":"https:\/\/linitiative.ca\/International\/wp-json\/wp\/v2\/types\/post"}],"author":[{"embeddable":true,"href":"https:\/\/linitiative.ca\/International\/wp-json\/wp\/v2\/users\/1969"}],"replies":[{"embeddable":true,"href":"https:\/\/linitiative.ca\/International\/wp-json\/wp\/v2\/comments?post=126505"}],"version-history":[{"count":0,"href":"https:\/\/linitiative.ca\/International\/wp-json\/wp\/v2\/posts\/126505\/revisions"}],"wp:attachment":[{"href":"https:\/\/linitiative.ca\/International\/wp-json\/wp\/v2\/media?parent=126505"}],"wp:term":[{"taxonomy":"category","embeddable":true,"href":"https:\/\/linitiative.ca\/International\/wp-json\/wp\/v2\/categories?post=126505"},{"taxonomy":"post_tag","embeddable":true,"href":"https:\/\/linitiative.ca\/International\/wp-json\/wp\/v2\/tags?post=126505"}],"curies":[{"name":"wp","href":"https:\/\/api.w.org\/{rel}","templated":true}]}}