{"id":126515,"date":"2021-09-09T10:00:24","date_gmt":"2021-09-09T14:00:24","guid":{"rendered":"https:\/\/linitiative.ca\/International\/feu-abdelouahab-benmansour-un-historiographe-erudit\/"},"modified":"2021-09-09T10:00:24","modified_gmt":"2021-09-09T14:00:24","slug":"feu-abdelouahab-benmansour-un-historiographe-erudit","status":"publish","type":"post","link":"https:\/\/linitiative.ca\/International\/feu-abdelouahab-benmansour-un-historiographe-erudit\/","title":{"rendered":"Feu Abdelouahab Benmansour, un historiographe \u00e9rudit !"},"content":{"rendered":"<div>\n<p><img decoding=\"async\" width=\"300\" height=\"153\" src=\"https:\/\/linitiative.ca\/International\/wp-content\/uploads\/sites\/23\/2021\/09\/Feu-Abdelouahab-Benmansour-un-historiographe-erudit-300x153-1.jpg\" class=\"attachment-medium size-medium wp-post-image\" alt=\"\" loading=\"lazy\" srcset=\"\/\/aujourdhui.ma\/wp-content\/uploads\/2021\/09\/Feu-Abdelouahab-Benmansour-un-historiographe-erudit--300x153.jpg 300w, \/\/aujourdhui.ma\/wp-content\/uploads\/2021\/09\/Feu-Abdelouahab-Benmansour-un-historiographe-erudit--274x140.jpg 274w, \/\/aujourdhui.ma\/wp-content\/uploads\/2021\/09\/Feu-Abdelouahab-Benmansour-un-historiographe-erudit-.jpg 746w, \/\/aujourdhui.ma\/wp-content\/uploads\/2021\/09\/Feu-Abdelouahab-Benmansour-un-historiographe-erudit--165x84.jpg 165w, \/\/aujourdhui.ma\/wp-content\/uploads\/2021\/09\/Feu-Abdelouahab-Benmansour-un-historiographe-erudit--702x358.jpg 702w\" sizes=\"auto, (max-width: 300px) 100vw, 300px\"><\/p>\n<p><span style=\"color: #800000;\"><strong> L\u2019\u00e9mission \u00abMadarate\u00bb revient sur son parcours<\/strong><\/span><span id=\"more-386206\"><\/span><\/p>\n<p>Son \u00e9minent parcours a tout le m\u00e9rite d\u2019\u00eatre ressuscit\u00e9. L\u2019historiographe, feu Abdelouahab Benmansour, vient de gagner en int\u00e9r\u00eat de l\u2019\u00e9mission \u00abMadarate\u00bb, diffus\u00e9e tout r\u00e9cemment sur les ondes de la radio nationale. L\u2019animateur, Abdelilah Tahani, y \u00e9voque un aper\u00e7u de cet \u00e9rudit ayant marqu\u00e9 la culture marocaine moderne. L\u2019occasion pour pr\u00e9senter \u00e9galement ses oeuvres diversifi\u00e9es, ses contributions en recherche historique ainsi que ses efforts scientifiques pour v\u00e9rifier et \u00e9diter des manuscrits pr\u00e9cieux du patrimoine marocain. Ainsi, l\u2019animateur a amplement pr\u00e9sent\u00e9 le bilan des r\u00e9alisations du d\u00e9funt initi\u00e9es depuis 1956. A commencer par la s\u00e9rie pionni\u00e8re \u00abInbi\u00e2ath Oumma\u00bb (Renaissance d\u2019une nation) con\u00e7ue jusqu\u2019\u00e0 ses derniers jours et compos\u00e9e de 53 volumes. Le tout en passant par sa documentation des voyages royaux nationaux et \u00e9trangers, ainsi que la publication du magazine \u00abAl Wathaeq\u00bb (Les documents). Une publication historique pionni\u00e8re qui incarne l\u2019int\u00e9r\u00eat du d\u00e9funt notamment pour le document historique.<\/p>\n<p>Mieux encore, M. Tahani pr\u00e9sente, lors de l\u2019\u00e9mission, des aper\u00e7us de la cr\u00e9ativit\u00e9 po\u00e9tique pr\u00e9coce de feu Benmansour. Dans sa pr\u00e9sentation, l\u2019animateur pr\u00e9cise que le d\u00e9funt, historiographe du Royaume pendant 40 ans de son vivant, est \u00abl\u2019un des ma\u00eetres les plus distingu\u00e9s au Maroc en mati\u00e8re d\u2019historiographie, de v\u00e9rification et biographies\u00bb. \u00abIl a toutes les qualit\u00e9s cognitives dont d\u2019autres disposent s\u00e9par\u00e9ment. L\u2019histoire est sa passion depuis toujours\u00bb, d\u00e9taille le pr\u00e9sentateur qui estime que l\u2019historiographie est une mission colossale dont les conditions sont rigoureuses. Tel qu\u2019il le pr\u00e9cise, l\u2019historiographe \u00absavait concilier entre l\u2019histoire g\u00e9n\u00e9rale et ses responsabilit\u00e9s en inscription de l\u2019histoire officielle de l\u2019Etat, des orientations et initiatives royales ainsi que leur \u00e9tendue dans la politique g\u00e9n\u00e9rale du pays et le fonctionnement de ses services\u00bb. A propos des talents litt\u00e9raires pr\u00e9coces de feu Benmansour, M. Tahani indique que ceux-ci \u00abillustrent son intelligence\u00bb. Ainsi, d\u00e8s 15 ans, il con\u00e7oit des productions po\u00e9tiques et commence \u00e0 \u00e9crire \u00e0 18 ans. Et ce n\u2019est pas tout ! Le pr\u00e9sentateur r\u00e9v\u00e8le le choix du d\u00e9funt \u00e0 se ranger dans le mouvement nationaliste \u00abde par ses positions honorables en d\u00e9fense du droit de son pays \u00e0 l\u2019ind\u00e9pendance\u00bb. Ce qui lui vaut la censure de ses articles. En 1936, il est incarc\u00e9r\u00e9, \u00e0 l\u2019\u00e2ge de 6 ans, dans la prison Ain Kadous \u00e0 F\u00e8s qu\u2019il quitte par la suite vers le Nord.<\/p>\n<p>Apr\u00e8s quoi, il migre \u00e0 l\u2019\u00e9tranger \u00e0 cause de \u00abvexations abusives\u00bb ; le tout en continuant \u00e0 contribuer \u00e0 l\u2019action nationale. Quant \u00e0 son acte p\u00e9dagogique apr\u00e8s l\u2019ind\u00e9pendance, il est concr\u00e9tis\u00e9 par son poste comme \u00abenseignant\u00bb dans l\u2019\u00e9tablissement c\u00e9l\u00e9brissime \u00abMohammed V\u00bb \u00e0 Rabat. Le grand changement dans le parcours du d\u00e9funt commence d\u00e8s l\u2019ind\u00e9pendance. Ainsi, il est \u00abaffect\u00e9 au Cabinet royal de Feu Mohammed V\u00bb. \u00abApr\u00e8s quoi, il est nomm\u00e9 par Feu Hassan II en tant que pr\u00e9sident du d\u00e9partement politique du Cabinet royal. En 1963, il est d\u00e9sign\u00e9 historiographe du Royaume puis directeur g\u00e9n\u00e9ral de la Radio et la t\u00e9l\u00e9vision marocaine\u00bb, poursuit l\u2019animateur \u00e0 propos du d\u00e9funt qui encha\u00eene les missions. En 1967, il est nomm\u00e9 \u00e0 la t\u00eate de la direction du Mausol\u00e9e Mohammed V, puis directeur des archives royales en 1975 au moment o\u00f9 la r\u00e9cup\u00e9ration, par le Maroc, des provinces du Sud est \u00e0 son apog\u00e9e. \u00abLe d\u00e9funt a accompli toutes ses responsabilit\u00e9s et missions sur la base de sa haute comp\u00e9tence, sa grande culture et connaissance de l\u2019histoire du Maroc, sa civilisation, ses r\u00e9gimes et son r\u00e9pertoire culturel grandiose \u00bb, ajoute M. Tahani. Tel qu\u2019il le raconte, M. Benmansour \u00aba fait ses preuves tout au long de son parcours.<\/p>\n<p>Il \u00e9tait \u00e0 la hauteur des t\u00e2ches qui lui \u00e9taient confi\u00e9es. Il exer\u00e7ait ses missions en fin connaisseur. Ainsi, il a pu fonder une place distingu\u00e9e pour sa personnalit\u00e9 que ce soit \u00e0 travers son parcours scientifique ou les responsabilit\u00e9s qu\u2019il a assum\u00e9es assidument pendant le r\u00e8gne des trois Rois, Mohammed V, Hassan II et Mohammed VI\u00bb. Pour illustrer ces qualit\u00e9s, l\u2019animateur ne manque pas de pr\u00e9senter plusieurs t\u00e9moignages. Entre autres, le Professeur Abdellatif Berbich indique que le d\u00e9funt \u00e9tait l\u2019un des premiers \u00e0 pr\u00eater attention aux documents en \u00e9criture de l\u2019histoire marocaine\u00bb. En outre, le pr\u00e9sentateur, qui livre les t\u00e9moignages du Pr. Abdellatif Chadli, du savant feu Abdellah Jirari, du Pr. Omar Afa, cite \u00e9galement celui de Bahija Simou. \u00abLa d\u00e9marche la plus distingu\u00e9e du d\u00e9funt consiste en sa valorisation du fonds documentaire. Il a pu approvisionner la direction en archives royales se chiffrant \u00e0 des milliers. Il n\u2019a pas aussi \u00e9pargn\u00e9 les documents en possession de certaines familles dites du \u00abMakhzen\u00bb comme Bargach et Al Mokri\u00bb, d\u00e9clare la directrice des archives royales.<\/p>\n<p>Dans l\u2019ensemble, l\u2019\u00e9mission retrace le parcours d\u2019un savant, historiographe et chercheur qui a, selon l\u2019animateur, \u00abv\u00e9cu par et pour le savoir\u00bb. \u00abIl est d\u00e9c\u00e9d\u00e9 pleinement satisfait de sa personne et son parcours\u00bb, conclut le pr\u00e9sentateur qui appelle \u00e0 collecter et \u00e9diter le grand nombre d\u2019articles de recherche \u00e9crits par le d\u00e9funt en histoire, pens\u00e9e, litt\u00e9rature et biographies.<\/p>\n<\/div>\n<p>Auteur: Salima Guisser<br \/>\n<a href=\"https:\/\/aujourdhui.ma\/culture\/feu-abdelouahab-benmansour-un-historiographe-erudit\">Cliquez ici pour lire l&rsquo;article depuis sa source.<\/a><\/p>\n","protected":false},"excerpt":{"rendered":"<p>L\u2019\u00e9mission \u00abMadarate\u00bb revient sur son parcours Son \u00e9minent parcours a tout le m\u00e9rite d\u2019\u00eatre ressuscit\u00e9. L\u2019historiographe, feu Abdelouahab Benmansour, vient de gagner en int\u00e9r\u00eat de l\u2019\u00e9mission \u00abMadarate\u00bb, diffus\u00e9e tout r\u00e9cemment sur les ondes de la radio nationale. L\u2019animateur, Abdelilah Tahani, y \u00e9voque un aper\u00e7u de cet \u00e9rudit ayant marqu\u00e9 la culture marocaine moderne. L\u2019occasion pour [&hellip;]<\/p>\n","protected":false},"author":1759,"featured_media":0,"comment_status":"closed","ping_status":"closed","sticky":false,"template":"","format":"standard","meta":{"fifu_image_url":"https:\/\/aujourdhui.ma\/wp-content\/uploads\/2021\/09\/Feu-Abdelouahab-Benmansour-un-historiographe-erudit--300x153.jpg","fifu_image_alt":"Feu Abdelouahab Benmansour, un historiographe \u00e9rudit !","footnotes":""},"categories":[73,54],"tags":[],"class_list":["post-126515","post","type-post","status-publish","format-standard","hentry","category-actualite","category-maroc"],"_links":{"self":[{"href":"https:\/\/linitiative.ca\/International\/wp-json\/wp\/v2\/posts\/126515","targetHints":{"allow":["GET"]}}],"collection":[{"href":"https:\/\/linitiative.ca\/International\/wp-json\/wp\/v2\/posts"}],"about":[{"href":"https:\/\/linitiative.ca\/International\/wp-json\/wp\/v2\/types\/post"}],"author":[{"embeddable":true,"href":"https:\/\/linitiative.ca\/International\/wp-json\/wp\/v2\/users\/1759"}],"replies":[{"embeddable":true,"href":"https:\/\/linitiative.ca\/International\/wp-json\/wp\/v2\/comments?post=126515"}],"version-history":[{"count":0,"href":"https:\/\/linitiative.ca\/International\/wp-json\/wp\/v2\/posts\/126515\/revisions"}],"wp:attachment":[{"href":"https:\/\/linitiative.ca\/International\/wp-json\/wp\/v2\/media?parent=126515"}],"wp:term":[{"taxonomy":"category","embeddable":true,"href":"https:\/\/linitiative.ca\/International\/wp-json\/wp\/v2\/categories?post=126515"},{"taxonomy":"post_tag","embeddable":true,"href":"https:\/\/linitiative.ca\/International\/wp-json\/wp\/v2\/tags?post=126515"}],"curies":[{"name":"wp","href":"https:\/\/api.w.org\/{rel}","templated":true}]}}