{"id":126519,"date":"2021-09-08T14:00:00","date_gmt":"2021-09-08T18:00:00","guid":{"rendered":"https:\/\/linitiative.ca\/International\/benjamin-ndagijimana-prend-ses-fonctions-a-laayoune\/"},"modified":"2021-09-08T14:00:00","modified_gmt":"2021-09-08T18:00:00","slug":"benjamin-ndagijimana-prend-ses-fonctions-a-laayoune","status":"publish","type":"post","link":"https:\/\/linitiative.ca\/International\/benjamin-ndagijimana-prend-ses-fonctions-a-laayoune\/","title":{"rendered":"Benjamin Ndagijimana prend ses fonctions \u00e0 La\u00e2youne"},"content":{"rendered":"<div>\n<p class=\"has-text-align-center has-vivid-cyan-blue-color has-text-color\"><strong>Consul g\u00e9n\u00e9ral du Burundi<\/strong><\/p>\n<p class=\"has-text-align-left has-black-color has-text-color\"><strong>Le ministre des Affaires \u00e9trang\u00e8res, de la Coop\u00e9ration africaine et des Marocains r\u00e9sidant \u00e0 l\u2019\u00e9tranger, M. Nasser Bourita, a re\u00e7u, mardi \u00e0 Rabat, le diplomate Benjamin Ndagijimana qui lui a pr\u00e9sent\u00e9 ses commissions consulaires pour exercer en tant que consul g\u00e9n\u00e9ral du Burundi \u00e0 La\u00e2youne.<\/strong><\/p>\n<p class=\"has-text-align-left has-black-color has-text-color\">Dans une d\u00e9claration \u00e0 la presse \u00e0 cette occasion, M. Ndagijimana a pr\u00e9cis\u00e9 qu\u2019il prendra \u00ab\u00a0d\u2019ici vendredi\u00a0\u00bb ses fonctions de consul g\u00e9n\u00e9ral \u00e0 La\u00e2youne.<\/p>\n<p class=\"has-text-align-left has-black-color has-text-color\">La R\u00e9publique du Burundi avait inaugur\u00e9, le 28 f\u00e9vrier 2020, un consulat g\u00e9n\u00e9ral \u00e0 La\u00e2youne en pr\u00e9sence de son ministre des Affaires \u00e9trang\u00e8res, Ezechiel Nibigira, et de son homologue marocain, Nasser Bourita.<br \/>A cette occasion, M. Nibigira avait relev\u00e9 que l\u2019ouverture d\u2019un consulat g\u00e9n\u00e9ral de la R\u00e9publique du Burundi \u00e0 La\u00e2youne t\u00e9moigne de l&rsquo;\u00a0\u00bbattachement\u00a0\u00bb et de la \u00ab\u00a0fid\u00e9lit\u00e9\u00a0\u00bb de ce pays aux principes de la fraternit\u00e9 africaine et de la l\u00e9galit\u00e9 internationale.<\/p>\n<p class=\"has-text-align-left has-black-color has-text-color\">L\u2019inauguration de cette repr\u00e9sentation diplomatique \u00ab\u00a0est une expression du renforcement de notre coop\u00e9ration qui attache une grande importance au bon voisinage, au respect de la souverainet\u00e9 nationale et \u00e0 la non immixtion dans les affaires int\u00e9rieures des \u00c9tats\u00a0\u00bb, avait-il soulign\u00e9.<\/p>\n<p class=\"has-text-align-left has-black-color has-text-color\">Il avait affirm\u00e9 que les relations entre les deux pays \u00ab\u00a0atteignent l\u2019\u00e2ge de raison\u00a0\u00bb avec l\u2019inauguration \u00ab\u00a0en ce jour m\u00e9morable\u00a0\u00bb d\u2019un consulat g\u00e9n\u00e9ral \u00e0 La\u00e2youne, apr\u00e8s l\u2019ouverture d\u2019une ambassade burundaise r\u00e9sidente \u00e0 Rabat en 2015.<\/p>\n<p class=\"has-text-align-left has-black-color has-text-color\">Le 25 f\u00e9vrier dernier, le nouveau ministre burundais des Affaires \u00e9trang\u00e8res et de la Coop\u00e9ration au d\u00e9veloppement, M. Albert Shingiro, avait r\u00e9it\u00e9r\u00e9, \u00e0 Rabat, l\u2019appui de son pays \u00e0 l\u2019int\u00e9grit\u00e9 territoriale du Royaume du Maroc et \u00e0 son unit\u00e9 nationale conform\u00e9ment \u00e0 la Charte des Nations Unies.<\/p>\n<p class=\"has-text-align-left has-black-color has-text-color\">Il avait \u00e9galement r\u00e9affirm\u00e9 le soutien du Burundi \u00e0 l\u2019exclusivit\u00e9 du r\u00e8glement du dossier du Sahara par les Nations Unies \u00e0 travers le plan d\u2019autonomie, comme seule solution \u00e0 ce diff\u00e9rend.<\/p>\n<p>L\u2019article <a rel=\"nofollow\" href=\"http:\/\/albayane.press.ma\/benjamin-ndagijimana-prend-ses-fonctions-a-laayoune.html\">Benjamin Ndagijimana prend ses fonctions \u00e0 La\u00e2youne<\/a> est apparu en premier sur <a rel=\"nofollow\" href=\"http:\/\/albayane.press.ma\/\">ALBAYANE<\/a>.<\/p>\n<\/div>\n<p>Auteur: M&rsquo;hammed rahal<br \/>\n<a href=\"http:\/\/albayane.press.ma\/benjamin-ndagijimana-prend-ses-fonctions-a-laayoune.html\">Cliquez ici pour lire l&rsquo;article depuis sa source.<\/a><\/p>\n","protected":false},"excerpt":{"rendered":"<p>Consul g\u00e9n\u00e9ral du Burundi Le ministre des Affaires \u00e9trang\u00e8res, de la Coop\u00e9ration africaine et des Marocains r\u00e9sidant \u00e0 l\u2019\u00e9tranger, M. Nasser Bourita, a re\u00e7u, mardi \u00e0 Rabat, le diplomate Benjamin Ndagijimana qui lui a pr\u00e9sent\u00e9 ses commissions consulaires pour exercer en tant que consul g\u00e9n\u00e9ral du Burundi \u00e0 La\u00e2youne. Dans une d\u00e9claration \u00e0 la presse [&hellip;]<\/p>\n","protected":false},"author":1760,"featured_media":0,"comment_status":"closed","ping_status":"closed","sticky":false,"template":"","format":"standard","meta":{"fifu_image_url":"","fifu_image_alt":"","footnotes":""},"categories":[73,54],"tags":[],"class_list":["post-126519","post","type-post","status-publish","format-standard","hentry","category-actualite","category-maroc"],"_links":{"self":[{"href":"https:\/\/linitiative.ca\/International\/wp-json\/wp\/v2\/posts\/126519","targetHints":{"allow":["GET"]}}],"collection":[{"href":"https:\/\/linitiative.ca\/International\/wp-json\/wp\/v2\/posts"}],"about":[{"href":"https:\/\/linitiative.ca\/International\/wp-json\/wp\/v2\/types\/post"}],"author":[{"embeddable":true,"href":"https:\/\/linitiative.ca\/International\/wp-json\/wp\/v2\/users\/1760"}],"replies":[{"embeddable":true,"href":"https:\/\/linitiative.ca\/International\/wp-json\/wp\/v2\/comments?post=126519"}],"version-history":[{"count":0,"href":"https:\/\/linitiative.ca\/International\/wp-json\/wp\/v2\/posts\/126519\/revisions"}],"wp:attachment":[{"href":"https:\/\/linitiative.ca\/International\/wp-json\/wp\/v2\/media?parent=126519"}],"wp:term":[{"taxonomy":"category","embeddable":true,"href":"https:\/\/linitiative.ca\/International\/wp-json\/wp\/v2\/categories?post=126519"},{"taxonomy":"post_tag","embeddable":true,"href":"https:\/\/linitiative.ca\/International\/wp-json\/wp\/v2\/tags?post=126519"}],"curies":[{"name":"wp","href":"https:\/\/api.w.org\/{rel}","templated":true}]}}