{"id":126520,"date":"2021-09-08T14:00:00","date_gmt":"2021-09-08T18:00:00","guid":{"rendered":"https:\/\/linitiative.ca\/International\/des-intellectuels-et-militants-de-la-societe-civile-lancent-un-appel-de-la-raison\/"},"modified":"2021-09-08T14:00:00","modified_gmt":"2021-09-08T18:00:00","slug":"des-intellectuels-et-militants-de-la-societe-civile-lancent-un-appel-de-la-raison","status":"publish","type":"post","link":"https:\/\/linitiative.ca\/International\/des-intellectuels-et-militants-de-la-societe-civile-lancent-un-appel-de-la-raison\/","title":{"rendered":"Des intellectuels et militants de la soci\u00e9t\u00e9 civile lancent un appel de la raison"},"content":{"rendered":"<div>\n<p class=\"has-text-align-center has-vivid-red-color has-text-color\"><strong>Maroc \u2013 Alg\u00e9rie<\/strong><\/p>\n<p class=\"has-text-align-right\"><strong>M.N.Y<\/strong><\/p>\n<p class=\"has-black-color has-text-color\"><strong>Des intellectuels et militants de la soci\u00e9t\u00e9 civile issus du Maroc, de l\u2019Alg\u00e9rie, de la Tunisie et m\u00eame ailleurs, lancent un appel de la raison, suite \u00e0 l\u2019escalade actuelle dans les relations entre le Maroc et l\u2019Alg\u00e9rie. Les signataires dont la liste est rendue publique refusent, disent-ils, \u00ab\u00a0la situation actuelle qui voudrait aboutir \u00e0 une confrontation contre-nature, confrontation qui ne peut \u00eatre qu\u2019un d\u00e9ni de l\u2019histoire profonde de notre r\u00e9gion et de son immanence. Elle est donc antinomique avec les int\u00e9r\u00eats des deux peuples et de ceux de la r\u00e9gion.\u00a0\u00bb.<\/strong><\/p>\n<p class=\"has-black-color has-text-color\">Assid Ahmed, universitaire (Rabat), Abdessamad Hichem,\u00a0 traducteur et historien ( Tunisie) , Afaya Kacem, vice pr\u00e9sident Association Action Citoyenne ( Tunis), Akrouf Sanhadja, militante f\u00e9ministe (Alg\u00e9rie), Alaoui Moulay Ismail, universitaire, ancien ministre ( Rabat), Aourid Hassan, \u00e9crivain ( Rabat), Haj Yahya Fathi, \u00e9crivain (Tunis), Guenoun Ali, historien (Paris), Hadef Sa\u00efd, \u00e9crivain (Alger), Laabi Abdellatif, po\u00e8te (Paris-Rabat) et bien d\u2019autres croient que \u00ab\u00a0nos peuples se vouent mutuellement des sentiments de fraternit\u00e9 et qu\u2019ils sauront d\u00e9passer ces moments de crispation en limitant l\u2019impact et en sauvegardant le potentiel d\u2019un avenir commun prometteur par la mobilisation de leurs capacit\u00e9s cr\u00e9atrices.\u00a0\u00bb<\/p>\n<p class=\"has-black-color has-text-color\">Et pour sortir de cette crise, les intellectuels et militants de la soci\u00e9t\u00e9 civile ont appel\u00e9 en effet, l\u2019ensemble des personnes et des organisations de bonne volont\u00e9 dans les deux pays, et au-del\u00e0 du Maghreb, \u00e0 agir pour qu\u2019un terme soit rapidement mis \u00e0 l\u2019escalade et pour le retour \u00e0 la raison, ont-ils affirm\u00e9. Et d\u2019ajouter : \u00ab Affirmons notre conviction, afin de sauvegarder les int\u00e9r\u00eats sup\u00e9rieurs de nos deux peuples. Les v\u00e9ritables femmes et hommes d\u2019Etat sont celles et ceux qui construisent le vivre-ensemble, la paix et la coop\u00e9ration et non celles et ceux qui s\u2019inscrivent dans la course \u00e0 la haine, \u00e0 l\u2019armement, aux escalades et aux appels \u00e0 la guerre. \u00bb<\/p>\n<p class=\"has-black-color has-text-color\">Pour les signataires, les d\u00e9fis de d\u00e9veloppement qui se trouvent devant les peuples sont \u00e9normes et que, en venir \u00e0 bout, ne peut se concevoir sans un degr\u00e9 \u00e9lev\u00e9 de collaboration r\u00e9gionale. \u00ab La fuite en avant dans la confrontation nous entra\u00eenera fatidiquement dans des situations encore pires que celles que nous vivons.\u00bb, ont-ils fait savoir.<\/p>\n<p class=\"has-black-color has-text-color\">Par ailleurs, nos soci\u00e9t\u00e9s civiles, ont-ils ajout\u00e9, n\u2019ont pas toujours \u00e9t\u00e9 \u00e0 la hauteur des d\u00e9fis et affirmons que la situation actuelle ne leur laisse plus le choix de tergiverser, \u00e0 moins de renier ce qui constitue leur raison d\u2019\u00eatre.<\/p>\n<p class=\"has-black-color has-text-color\">\u00ab Nous engageons \u00e0 apporter collectivement notre contribution, Alg\u00e9riennes, Marocaines, Maghr\u00e9bines et amis de nos peuples, \u00e0 contrer l\u2019escalade et \u00e0 faire face aux appels \u00e0 la confrontation et \u00e0 la haine, pour mieux consolider les piliers de la fraternit\u00e9, de la coop\u00e9ration et pour contribuer \u00e0 construire l\u2019avenir auquel nous aspirons. \u00bb, expliquent la m\u00eame source.<\/p>\n<p>L\u2019article <a rel=\"nofollow\" href=\"http:\/\/albayane.press.ma\/des-intellectuels-et-militants-de-la-societe-civile-lancent-un-appel-de-la-raison.html\">Des intellectuels et militants de la soci\u00e9t\u00e9 civile lancent un appel de la raison<\/a> est apparu en premier sur <a rel=\"nofollow\" href=\"http:\/\/albayane.press.ma\/\">ALBAYANE<\/a>.<\/p>\n<\/div>\n<p>Auteur: M&rsquo;hammed rahal<br \/>\n<a href=\"http:\/\/albayane.press.ma\/des-intellectuels-et-militants-de-la-societe-civile-lancent-un-appel-de-la-raison.html\">Cliquez ici pour lire l&rsquo;article depuis sa source.<\/a><\/p>\n","protected":false},"excerpt":{"rendered":"<p>Maroc \u2013 Alg\u00e9rie M.N.Y Des intellectuels et militants de la soci\u00e9t\u00e9 civile issus du Maroc, de l\u2019Alg\u00e9rie, de la Tunisie et m\u00eame ailleurs, lancent un appel de la raison, suite \u00e0 l\u2019escalade actuelle dans les relations entre le Maroc et l\u2019Alg\u00e9rie. Les signataires dont la liste est rendue publique refusent, disent-ils, \u00ab\u00a0la situation actuelle qui [&hellip;]<\/p>\n","protected":false},"author":1760,"featured_media":0,"comment_status":"closed","ping_status":"closed","sticky":false,"template":"","format":"standard","meta":{"fifu_image_url":"","fifu_image_alt":"","footnotes":""},"categories":[73,54],"tags":[],"class_list":["post-126520","post","type-post","status-publish","format-standard","hentry","category-actualite","category-maroc"],"_links":{"self":[{"href":"https:\/\/linitiative.ca\/International\/wp-json\/wp\/v2\/posts\/126520","targetHints":{"allow":["GET"]}}],"collection":[{"href":"https:\/\/linitiative.ca\/International\/wp-json\/wp\/v2\/posts"}],"about":[{"href":"https:\/\/linitiative.ca\/International\/wp-json\/wp\/v2\/types\/post"}],"author":[{"embeddable":true,"href":"https:\/\/linitiative.ca\/International\/wp-json\/wp\/v2\/users\/1760"}],"replies":[{"embeddable":true,"href":"https:\/\/linitiative.ca\/International\/wp-json\/wp\/v2\/comments?post=126520"}],"version-history":[{"count":0,"href":"https:\/\/linitiative.ca\/International\/wp-json\/wp\/v2\/posts\/126520\/revisions"}],"wp:attachment":[{"href":"https:\/\/linitiative.ca\/International\/wp-json\/wp\/v2\/media?parent=126520"}],"wp:term":[{"taxonomy":"category","embeddable":true,"href":"https:\/\/linitiative.ca\/International\/wp-json\/wp\/v2\/categories?post=126520"},{"taxonomy":"post_tag","embeddable":true,"href":"https:\/\/linitiative.ca\/International\/wp-json\/wp\/v2\/tags?post=126520"}],"curies":[{"name":"wp","href":"https:\/\/api.w.org\/{rel}","templated":true}]}}