{"id":126521,"date":"2021-09-08T14:00:00","date_gmt":"2021-09-08T18:00:00","guid":{"rendered":"https:\/\/linitiative.ca\/International\/les-defis-de-la-region-souss-massa\/"},"modified":"2021-09-08T14:00:00","modified_gmt":"2021-09-08T18:00:00","slug":"les-defis-de-la-region-souss-massa","status":"publish","type":"post","link":"https:\/\/linitiative.ca\/International\/les-defis-de-la-region-souss-massa\/","title":{"rendered":"Les d\u00e9fis de la r\u00e9gion Souss Massa"},"content":{"rendered":"<div>\n<p><strong>Les pr\u00e9sentes \u00e9lections constitueront, sans nul doute, un tournant d\u00e9cisif dans le parcours aussi bien d\u00e9mocratique que d\u00e9veloppemental de la Nation. La crise pand\u00e9mique qui a affect\u00e9 fonci\u00e8rement la soci\u00e9t\u00e9 et rong\u00e9 rudement l\u2019\u00e9conomie d\u2019une part et en revanche, les triomphes saillants glan\u00e9s aux plans diplomatique et infra-structurel,ainsi que la nouvelle perspective g\u00e9ostrat\u00e9gique que s\u2019offre le pays de long en large, ont marqu\u00e9 la prochaine donne en termes d\u2019enjeux \u00e0 confronter. C\u2019est dire combien la Nation est plus que jamais est en gestation pour l\u2019entr\u00e9e aux portes de l\u2019\u00e9mergence. Il ne fait pas de doute que l\u2019adoption du concept de la r\u00e9gion est aujourd\u2019hui un choix irr\u00e9versible, pleinement confort\u00e9 par\u00a0 la constitution de 2011. Cette vision consistait \u00e0 mettre en place des entit\u00e9s int\u00e9gr\u00e9es et \u00e9quilibr\u00e9es en potentialit\u00e9s et ressources, \u00e0 m\u00eame de permettre de s\u2019atteler \u00e0 leurs r\u00f4les de l\u2019essor, en tant qu\u2019acteur \u00e9conomique et social.<\/strong><\/p>\n<p><strong>Le pari sur la r\u00e9gion est celui de la p\u00e9rennit\u00e9 et la coh\u00e9rence pour renforcer davantage la gouvernance territoriale, par le biais de programme appropri\u00e9, rem\u00e9dier aux disparit\u00e9s sociales et d\u2019asseoir un climat d\u2019action correspondant aux initiatives cr\u00e9atives en mati\u00e8re d\u2019investissement et de productivit\u00e9. De m\u00eame, la r\u00e9gion a repr\u00e9sente, sans doute, le cadre idoine pour mettre les sp\u00e9cificit\u00e9s culturelles au c\u0153ur du projet d\u2019expansion et de la mise en \u0153uvre \u00a0de d\u00e9mocratiein clusive de proximit\u00e9,par des institutions de la r\u00e9gions et locale, porteuse de larges pr\u00e9rogatives, fond\u00e9es sur la concertation, la gestion participative, la coop\u00e9ration et la contractualisation. Il est donc \u00e9vident que la r\u00e9gionalisation joue un r\u00f4le nodal en tant que passerelle entre le nord et le sud du royaume, du fait qu\u2019elle regorge de particularit\u00e9s naturelles diverses. Ce qui contribue \u00e0 la comp\u00e9titivit\u00e9 de la r\u00e9gion dans nombre de secteurs n\u00e9vralgiques.<\/strong><\/p>\n<p><strong>Ceci \u00e9tant, la r\u00e9gion Souss Massa, de par toutes ses caract\u00e9ristiques vari\u00e9es et \u00e9quilibr\u00e9es, participe \u00e0 plus de 7% du produit interne brut (PIB), avec plus de 9% pour le secteur agricole et plus de 30% pour les p\u00eache. En plus, il est constat\u00e9 que la r\u00e9gion renferme environs 440 unit\u00e9s industrielles, r\u00e9alisant plus de 10,5 milliards de dirhams de revenus, sans parler des structures touristiques, conf\u00e9rant \u00e0 sa capitale, la seconde destination du pays\u2026Si toutes ces performances ont pu se concr\u00e9tiser, par la conjugaison des efforts d\u00e9ploy\u00e9s par les diff\u00e9rents intervenants au niveau du territoire de la r\u00e9gion, chose qui incite \u00e0 l\u2019\u00e9laboration \u00a0des multiples strat\u00e9gies et d\u2019actions de d\u00e9veloppement sectoriel, il va sans dire \u00e9galement qu\u2019il est n\u00e9cessaire de mettre en avant des comp\u00e9tences pouvant assurer des approches novatrices, successibles de transcender les contraintes et d\u00e9ficits \u00a0qui persistent encore sur le territoire de la r\u00e9gion. Ce qui m\u00e8ne \u00e0 dire la chose suivante\u00a0: le pr\u00e9sent multi-\u00e9ch\u00e9ancier \u00e9lectoral ( local, r\u00e9gional, national), est-il en mesure de s\u00e9cr\u00e9ter les ressources humaines capables de relever tous ces d\u00e9fis\u00a0? Restons optimistes, tout de m\u00eame\u00a0!En fait, il s\u2019av\u00e8re clair que parmi\u00a0\u00a0 le souci qu\u2019affronte le d\u00e9veloppement r\u00e9gional, c\u2019est sans conteste, \u00a0la capacit\u00e9 d\u2019accompagner la lev\u00e9e d\u00e9mographique et urbanistique de plus en plus, grandissante dans la r\u00e9gion en question, en mati\u00e8re de mise en place des cadres de vie d\u00e9cents, de nature \u00e0 assurer l\u2019int\u00e9gration et la coh\u00e9sion sociale, ainsi que les zones des activit\u00e9s \u00e9conomiques, permettant l\u2019adoption des flux constants des demandeurs d\u2019emplois. Cette d\u00e9marche ambitionne, en fin de compte, de mettre un terme aux in\u00e9galit\u00e9s territoriales entre toutes les zones c\u00f4ti\u00e8re et continentale d\u2019une part,les sites oasiens et montagneux. Ce qui permet de r\u00e9aliser la promotion durable de l\u2019\u00e9l\u00e9ment humain, d\u2019autant plus que la r\u00e9gion continue \u00e0 p\u00e2tir en termes de pauvret\u00e9 et de pr\u00e9carit\u00e9, d\u00e9passant la moyenne nationale, dans nombre de provinces aff\u00e9rentes.<\/strong><\/p>\n<p>L\u2019article <a rel=\"nofollow\" href=\"http:\/\/albayane.press.ma\/les-defis-de-la-region-souss-massa.html\">Les d\u00e9fis de la r\u00e9gion Souss Massa<\/a> est apparu en premier sur <a rel=\"nofollow\" href=\"http:\/\/albayane.press.ma\/\">ALBAYANE<\/a>.<\/p>\n<\/div>\n<p>Auteur: M&rsquo;hammed rahal<br \/>\n<a href=\"http:\/\/albayane.press.ma\/les-defis-de-la-region-souss-massa.html\">Cliquez ici pour lire l&rsquo;article depuis sa source.<\/a><\/p>\n","protected":false},"excerpt":{"rendered":"<p>Les pr\u00e9sentes \u00e9lections constitueront, sans nul doute, un tournant d\u00e9cisif dans le parcours aussi bien d\u00e9mocratique que d\u00e9veloppemental de la Nation. La crise pand\u00e9mique qui a affect\u00e9 fonci\u00e8rement la soci\u00e9t\u00e9 et rong\u00e9 rudement l\u2019\u00e9conomie d\u2019une part et en revanche, les triomphes saillants glan\u00e9s aux plans diplomatique et infra-structurel,ainsi que la nouvelle perspective g\u00e9ostrat\u00e9gique que s\u2019offre [&hellip;]<\/p>\n","protected":false},"author":1760,"featured_media":0,"comment_status":"closed","ping_status":"closed","sticky":false,"template":"","format":"standard","meta":{"fifu_image_url":"","fifu_image_alt":"","footnotes":""},"categories":[73,54],"tags":[],"class_list":["post-126521","post","type-post","status-publish","format-standard","hentry","category-actualite","category-maroc"],"_links":{"self":[{"href":"https:\/\/linitiative.ca\/International\/wp-json\/wp\/v2\/posts\/126521","targetHints":{"allow":["GET"]}}],"collection":[{"href":"https:\/\/linitiative.ca\/International\/wp-json\/wp\/v2\/posts"}],"about":[{"href":"https:\/\/linitiative.ca\/International\/wp-json\/wp\/v2\/types\/post"}],"author":[{"embeddable":true,"href":"https:\/\/linitiative.ca\/International\/wp-json\/wp\/v2\/users\/1760"}],"replies":[{"embeddable":true,"href":"https:\/\/linitiative.ca\/International\/wp-json\/wp\/v2\/comments?post=126521"}],"version-history":[{"count":0,"href":"https:\/\/linitiative.ca\/International\/wp-json\/wp\/v2\/posts\/126521\/revisions"}],"wp:attachment":[{"href":"https:\/\/linitiative.ca\/International\/wp-json\/wp\/v2\/media?parent=126521"}],"wp:term":[{"taxonomy":"category","embeddable":true,"href":"https:\/\/linitiative.ca\/International\/wp-json\/wp\/v2\/categories?post=126521"},{"taxonomy":"post_tag","embeddable":true,"href":"https:\/\/linitiative.ca\/International\/wp-json\/wp\/v2\/tags?post=126521"}],"curies":[{"name":"wp","href":"https:\/\/api.w.org\/{rel}","templated":true}]}}