{"id":126523,"date":"2021-09-08T14:00:00","date_gmt":"2021-09-08T18:00:00","guid":{"rendered":"https:\/\/linitiative.ca\/International\/concurrencez-donc-dans-les-bonnes-oeuvres\/"},"modified":"2021-09-08T14:00:00","modified_gmt":"2021-09-08T18:00:00","slug":"concurrencez-donc-dans-les-bonnes-oeuvres","status":"publish","type":"post","link":"https:\/\/linitiative.ca\/International\/concurrencez-donc-dans-les-bonnes-oeuvres\/","title":{"rendered":"\u00abConcurrencez donc dans les bonnes \u0153uvres\u00bb."},"content":{"rendered":"<div>\n<p class=\"has-black-color has-text-color\"><strong>Hier on a vot\u00e9\u00a0; et, le lendemain du vote est g\u00e9n\u00e9ralement studieux. L\u2019analyse des scrutins absorbe les esprits. La recherche de la compr\u00e9hension des r\u00e9sultats \u00e9lectoraux pr\u00e9domine leurs interpr\u00e9tations et leurs cons\u00e9quences, parfois inconsciemment.<\/strong><\/p>\n<p class=\"has-black-color has-text-color\">Une nouvelle page de la vie politique nationale va s\u2019\u00e9crire par une nouvelle l\u00e9gislature de cinq ann\u00e9es.<\/p>\n<p class=\"has-black-color has-text-color\">Les \u00e9lections \u00e9manent du champ politique tel qu\u2019il se pr\u00e9sente. Par leurs r\u00e9sultats, elles confirment, ou infirment, la l\u00e9gitimation politique recherch\u00e9e par les parties en lice.<\/p>\n<p class=\"has-black-color has-text-color\">Dans l\u2019instant, et sans se r\u00e9f\u00e9rer \u00e0 l\u2019histoire et sa\u00a0 magnificence\u00a0; le nombre des candidatures, la couverture du territoire national, la nature de la campagne \u00e9lectorale men\u00e9e, la qualit\u00e9 du programme pr\u00e9sent\u00e9 et la pr\u00e9sence sur le terrain pour communiquer directement avec la population, loin de la poche et du ventre mais pr\u00e8s de l\u2019intelligence de chacun, la teneur du discours, l\u2019accueil de la population sont autant de facteurs discriminants pour les partis politiques dont le nombre d\u00e9passe la trentaine. On porte tort \u00e0 notre processus d\u00e9mocratique en voulant faire croire que tous les partis politiques sont du m\u00eame acabit. Pour le moins que l\u2019on puisse dire, dans cette campagne \u00e9lectorale covid\u00e9e, et quel que soit son score, \u00ab le S\u00e9rieux\u00a0\u00bb s\u2019impose et \u00ab\u00a0le\u00a0Livre\u00a0\u00bb donne \u00e0 r\u00e9fl\u00e9chir. C\u2019est une \u00e9cole dans la vie politique nationale.<\/p>\n<p class=\"has-black-color has-text-color\">Il est temps de redonner \u00e0 l\u2019engagement politique la cr\u00e9dibilit\u00e9 qu\u2019il m\u00e9rite. C\u2019est l\u00e0 aussi un facteur de progr\u00e8s vers la consolidation du processus d\u00e9mocratique. La clarification s\u2019imposera et aura des cons\u00e9quences sur les organisations politiques elles-m\u00eames, leur fonctionnement et leurs capacit\u00e9s \u00e0 encadrer la population, \u00e0 assurer la gestion des affaires publiques et \u00e0 participer \u00e0 l\u2019exercice du pouvoir comme le stipule la constitution.\u00a0 \u00a0\u00a0\u00a0\u00a0\u00a0<\/p>\n<p class=\"has-black-color has-text-color\">De m\u00eame, le rendement des efforts de la campagne \u00e9lectorale pour \u00ab\u00a0faire voter\u00a0\u00bb et \u00ab\u00a0bien voter\u00a0\u00bb est appr\u00e9ci\u00e9.<\/p>\n<p class=\"has-black-color has-text-color\">La participation \u00e0 la consolidation de la d\u00e9mocratie repr\u00e9sentative par le biais du suffrage universel s\u2019\u00e9rode partout par la distanciation de plus en plus grande entre la personne qui vote et le repr\u00e9sentant \u00e9lu. La perception du contexte \u00e9lectoral et ses enjeux ne sont pas toujours \u00e9vidents pour l\u2019ensemble de la population et les facteurs d\u00e9terminant la pr\u00e9f\u00e9rence \u00e9lectorale restent un sujet de sociologie politique encore \u00e0 d\u00e9fricher.<\/p>\n<p class=\"has-black-color has-text-color\">Cela rel\u00e8ve de la responsabilit\u00e9 constitutionnelle des partis politiques certes\u00a0; mais aussi de l\u2019efficience des politiques publiques au b\u00e9n\u00e9fice de la population dans son ensemble et des territoires. Une politique de proximit\u00e9 devra \u00eatre d\u00e9velopp\u00e9e beaucoup plus en s\u2019inscrivant dans le temps du quotidien. De l\u2019organisation politique partisane de base, du conseil communal au conseil r\u00e9gional, l\u2019ensemble doit \u0153uvrer pour pr\u00e9server la dignit\u00e9 de la population, am\u00e9liorer ses conditions de vie et renforcer la coh\u00e9sion sociale.<\/p>\n<p class=\"has-black-color has-text-color\">L\u2019intrusion des r\u00e9seaux sociaux est \u00e0 l\u2019aune du nombre de\u00a0like et de partages. Une campagne parall\u00e8le o\u00f9 se trouvent ceux et celles qui appellent l\u2019\u00e9lectorat \u00e0 une participation massive et d\u2019autres qui, par ce biais, cherchent le buzz et en font une source de profits en excitant l\u2019\u00e9motion et en pratiquant la surench\u00e8re, devenues un argument pour faire valoir un discours populiste, redresseur des torts donquichottesque. En somme, Zorro dans le discours et Z\u00e9ro dans l\u2019action. L\u2019assainissement est fonction du degr\u00e9 de conscience de la population et sa capacit\u00e9 \u00e0 discerner le bon grain de l\u2019ivraie. Cette conscience se confortera encore dans la lutte et par la mise en \u0153uvre d\u2019une politique sociale tous azimuts\u00a0: \u00e9ducation et formation, sant\u00e9, emploi \u2026 et par la pratique d\u00e9mocratique.<\/p>\n<p class=\"has-black-color has-text-color\">Quelle que soit son taux, la dimension sociale de l\u2019abstention est \u00e0 prendre en grande consid\u00e9ration. Dans le contexte que l\u2019on vit, l\u2019abstention est schizophr\u00e8ne. Elle rel\u00e8ve d\u2019une distorsion entre le d\u00e9sir du changement et un comportement qui lui est contraire. Par des motivations vari\u00e9es, o\u00f9 la d\u00e9ception se m\u00eale \u00e0 un attentisme portant sur les conditions id\u00e9ales d\u2019une \u00e9lection, \u00e0 un \u00ab\u00a0je m\u2019en foutisme\u00a0\u00bb insouciant pla\u00e7ant une grande partie de la jeunesse dans les rangs des spectateurs, l\u2019abstention emp\u00eache le vote de celles et de ceux qui ont int\u00e9r\u00eat \u00e0 booster la dynamique du changement vers le mieux. L\u2019abstention ne sanctionne pas, au contraire elle favorise les tenants de la stagnation et de l\u2019obscurantisme et handicape les forces d\u00e9mocratiques et de progr\u00e8s.<\/p>\n<p class=\"has-black-color has-text-color\">Des r\u00e9sultats\u00a0? La majorit\u00e9 simple des si\u00e8ges \u00e0 la Chambre des repr\u00e9sentants ne pourra pas \u00eatre r\u00e9alis\u00e9e par un parti. \u00a0Celui class\u00e9 premier \u00e0 l\u2019\u00e9lection l\u00e9gislative aura \u00e0 d\u00e9signer le chef du gouvernement. Bien avant, dans la campagne pr\u00e9\u00e9lectorale, ceux qui sont dans la confidence \u00ab\u00a0des simulations\u00a0\u00bb, jouant aux augures ou traduisant une volont\u00e9 qui leur est inspir\u00e9e, ont formul\u00e9 un pronostic. Se r\u00e9alisera-t-il ou sera-t-il class\u00e9 dans \u00ab\u00a0les injonctions\u00a0\u00bb qui renforcent le smog du champ politique national. Qui vivra verra.<\/p>\n<p class=\"has-black-color has-text-color\">En corollaire de ce qui pr\u00e9c\u00e8de, quid des alliances\u00a0? Elles se feront en fonction des r\u00e9sultats et de la convergence des volont\u00e9s \u00e0 former un gouvernement fort pour impulser la relance \u00e9conomique et consolider le processus d\u00e9mocratique dans tous ses aspects sociaux, culturels et environnementaux.<\/p>\n<p class=\"has-black-color has-text-color\">Le projet d\u2019un nouveau mod\u00e8le de d\u00e9veloppement, une nouvelle l\u00e9gislature et l\u2019espoir d\u2019un nouveau souffle d\u00e9mocratique. \u00ab Concurrencez donc dans les bonnes \u0153uvres\u00a0\u00bb.\u00a0\u00a0 \u00a0<\/p>\n<p>L\u2019article <a rel=\"nofollow\" href=\"http:\/\/albayane.press.ma\/concurrencez-donc-dans-les-bonnes-oeuvres.html\">\u00abConcurrencez donc dans les bonnes \u0153uvres\u00bb.<\/a> est apparu en premier sur <a rel=\"nofollow\" href=\"http:\/\/albayane.press.ma\/\">ALBAYANE<\/a>.<\/p>\n<\/div>\n<p>Auteur: M&rsquo;hammed rahal<br \/>\n<a href=\"http:\/\/albayane.press.ma\/concurrencez-donc-dans-les-bonnes-oeuvres.html\">Cliquez ici pour lire l&rsquo;article depuis sa source.<\/a><\/p>\n","protected":false},"excerpt":{"rendered":"<p>Hier on a vot\u00e9\u00a0; et, le lendemain du vote est g\u00e9n\u00e9ralement studieux. L\u2019analyse des scrutins absorbe les esprits. La recherche de la compr\u00e9hension des r\u00e9sultats \u00e9lectoraux pr\u00e9domine leurs interpr\u00e9tations et leurs cons\u00e9quences, parfois inconsciemment. Une nouvelle page de la vie politique nationale va s\u2019\u00e9crire par une nouvelle l\u00e9gislature de cinq ann\u00e9es. Les \u00e9lections \u00e9manent du [&hellip;]<\/p>\n","protected":false},"author":1760,"featured_media":0,"comment_status":"closed","ping_status":"closed","sticky":false,"template":"","format":"standard","meta":{"fifu_image_url":"","fifu_image_alt":"","footnotes":""},"categories":[73,54],"tags":[],"class_list":["post-126523","post","type-post","status-publish","format-standard","hentry","category-actualite","category-maroc"],"_links":{"self":[{"href":"https:\/\/linitiative.ca\/International\/wp-json\/wp\/v2\/posts\/126523","targetHints":{"allow":["GET"]}}],"collection":[{"href":"https:\/\/linitiative.ca\/International\/wp-json\/wp\/v2\/posts"}],"about":[{"href":"https:\/\/linitiative.ca\/International\/wp-json\/wp\/v2\/types\/post"}],"author":[{"embeddable":true,"href":"https:\/\/linitiative.ca\/International\/wp-json\/wp\/v2\/users\/1760"}],"replies":[{"embeddable":true,"href":"https:\/\/linitiative.ca\/International\/wp-json\/wp\/v2\/comments?post=126523"}],"version-history":[{"count":0,"href":"https:\/\/linitiative.ca\/International\/wp-json\/wp\/v2\/posts\/126523\/revisions"}],"wp:attachment":[{"href":"https:\/\/linitiative.ca\/International\/wp-json\/wp\/v2\/media?parent=126523"}],"wp:term":[{"taxonomy":"category","embeddable":true,"href":"https:\/\/linitiative.ca\/International\/wp-json\/wp\/v2\/categories?post=126523"},{"taxonomy":"post_tag","embeddable":true,"href":"https:\/\/linitiative.ca\/International\/wp-json\/wp\/v2\/tags?post=126523"}],"curies":[{"name":"wp","href":"https:\/\/api.w.org\/{rel}","templated":true}]}}