{"id":126526,"date":"2021-09-09T09:43:28","date_gmt":"2021-09-09T13:43:28","guid":{"rendered":"https:\/\/linitiative.ca\/International\/le-pam-et-le-pi-se-partagent-les-deux-sieges-a-youssoufia\/"},"modified":"2021-09-09T09:43:28","modified_gmt":"2021-09-09T13:43:28","slug":"le-pam-et-le-pi-se-partagent-les-deux-sieges-a-youssoufia","status":"publish","type":"post","link":"https:\/\/linitiative.ca\/International\/le-pam-et-le-pi-se-partagent-les-deux-sieges-a-youssoufia\/","title":{"rendered":"Le PAM et le PI se partagent les deux si\u00e8ges \u00e0 Youssoufia"},"content":{"rendered":"<div>\n<div style=\"margin-bottom:20px;\"><img loading=\"lazy\" decoding=\"async\" width=\"750\" height=\"430\" src=\"https:\/\/linitiative.ca\/International\/wp-content\/uploads\/sites\/23\/2021\/09\/lections-4-copier-1.jpg\" class=\"attachment-post-thumbnail size-post-thumbnail wp-post-image\" alt=\"\" srcset=\"https:\/\/linitiative.ca\/International\/wp-content\/uploads\/sites\/23\/2021\/09\/lections-4-copier-1.jpg 750w, http:\/\/www.mapmarrakech.ma\/map\/uploads\/2021\/09\/\u00e9lections-4-copier-1-300x172.jpg 300w\" sizes=\"auto, (max-width: 750px) 100vw, 750px\"><\/div>\n<p>Selon des r\u00e9sultats d\u00e9finitifs communiqu\u00e9s par les autorit\u00e9s locales apr\u00e8s le d\u00e9pouillement de 100% des bulletins de vote, le PAM a obtenu 18.941 voix, alors que le PI a recueilli 15.914 voix.<\/p>\n<p>Sur les 132.758 \u00e9lecteurs inscrits sur les listes \u00e9lectorales, 80.705 \u00e9lecteurs ont particip\u00e9 au scrutin du 8 septembre \u00e0 l\u2019\u00e9chelle de cette province.<\/p>\n<p>L\u2019op\u00e9ration \u00e9lectorale au niveau de cette partie du territoire national s\u2019est d\u00e9roul\u00e9e dans des conditions normales marqu\u00e9es par la bonne organisation et ce, gr\u00e2ce \u00e0 la mobilisation des autorit\u00e9s provinciales, qui ont veill\u00e9 au respect des mesures pr\u00e9ventives visant \u00e0 enrayer la propagation du nouveau coronavirus (Covid-19).<\/p>\n<p>The post <a rel=\"nofollow\" href=\"http:\/\/www.mapmarrakech.ma\/fr\/le-pam-et-le-pi-se-partagent-les-deux-sieges-a-youssoufia\/\">Le PAM et le PI se partagent les deux si\u00e8ges \u00e0 Youssoufia<\/a> appeared first on <a rel=\"nofollow\" href=\"http:\/\/www.mapmarrakech.ma\/fr\">MapMarrakech<\/a>.<\/p>\n<\/div>\n<p>Auteur: Meriem IGASS<br \/>\n<a href=\"http:\/\/www.mapmarrakech.ma\/fr\/le-pam-et-le-pi-se-partagent-les-deux-sieges-a-youssoufia\/\">Cliquez ici pour lire l&rsquo;article depuis sa source.<\/a><\/p>\n","protected":false},"excerpt":{"rendered":"<p>Selon des r\u00e9sultats d\u00e9finitifs communiqu\u00e9s par les autorit\u00e9s locales apr\u00e8s le d\u00e9pouillement de 100% des bulletins de vote, le PAM a obtenu 18.941 voix, alors que le PI a recueilli 15.914 voix. Sur les 132.758 \u00e9lecteurs inscrits sur les listes \u00e9lectorales, 80.705 \u00e9lecteurs ont particip\u00e9 au scrutin du 8 septembre \u00e0 l\u2019\u00e9chelle de cette province. [&hellip;]<\/p>\n","protected":false},"author":1788,"featured_media":0,"comment_status":"closed","ping_status":"closed","sticky":false,"template":"","format":"standard","meta":{"fifu_image_url":"http:\/\/www.mapmarrakech.ma\/map\/uploads\/2021\/09\/\u00e9lections-4-copier-1.jpg","fifu_image_alt":"Le PAM et le PI se partagent les deux si\u00e8ges \u00e0 Youssoufia","footnotes":""},"categories":[54,76],"tags":[],"class_list":["post-126526","post","type-post","status-publish","format-standard","hentry","category-maroc","category-regions"],"_links":{"self":[{"href":"https:\/\/linitiative.ca\/International\/wp-json\/wp\/v2\/posts\/126526","targetHints":{"allow":["GET"]}}],"collection":[{"href":"https:\/\/linitiative.ca\/International\/wp-json\/wp\/v2\/posts"}],"about":[{"href":"https:\/\/linitiative.ca\/International\/wp-json\/wp\/v2\/types\/post"}],"author":[{"embeddable":true,"href":"https:\/\/linitiative.ca\/International\/wp-json\/wp\/v2\/users\/1788"}],"replies":[{"embeddable":true,"href":"https:\/\/linitiative.ca\/International\/wp-json\/wp\/v2\/comments?post=126526"}],"version-history":[{"count":0,"href":"https:\/\/linitiative.ca\/International\/wp-json\/wp\/v2\/posts\/126526\/revisions"}],"wp:attachment":[{"href":"https:\/\/linitiative.ca\/International\/wp-json\/wp\/v2\/media?parent=126526"}],"wp:term":[{"taxonomy":"category","embeddable":true,"href":"https:\/\/linitiative.ca\/International\/wp-json\/wp\/v2\/categories?post=126526"},{"taxonomy":"post_tag","embeddable":true,"href":"https:\/\/linitiative.ca\/International\/wp-json\/wp\/v2\/tags?post=126526"}],"curies":[{"name":"wp","href":"https:\/\/api.w.org\/{rel}","templated":true}]}}