{"id":126528,"date":"2021-09-09T10:51:05","date_gmt":"2021-09-09T14:51:05","guid":{"rendered":"https:\/\/linitiative.ca\/International\/le-pam-le-pi-le-mp-le-rni-le-mds-et-luc-remportent-les-06-sieges\/"},"modified":"2021-09-09T10:51:05","modified_gmt":"2021-09-09T14:51:05","slug":"le-pam-le-pi-le-mp-le-rni-le-mds-et-luc-remportent-les-06-sieges","status":"publish","type":"post","link":"https:\/\/linitiative.ca\/International\/le-pam-le-pi-le-mp-le-rni-le-mds-et-luc-remportent-les-06-sieges\/","title":{"rendered":"Le PAM, le PI, le MP, le RNI, le MDS et l\u2019UC remportent les 06 si\u00e8ges"},"content":{"rendered":"<div>\n<div style=\"margin-bottom:20px;\"><img loading=\"lazy\" decoding=\"async\" width=\"750\" height=\"430\" src=\"https:\/\/linitiative.ca\/International\/wp-content\/uploads\/sites\/23\/2021\/09\/lections-5-copier.jpg\" class=\"attachment-post-thumbnail size-post-thumbnail wp-post-image\" alt=\"\" srcset=\"https:\/\/linitiative.ca\/International\/wp-content\/uploads\/sites\/23\/2021\/09\/lections-5-copier.jpg 750w, http:\/\/www.mapmarrakech.ma\/map\/uploads\/2021\/09\/\u00e9lections-5-copier-300x172.jpg 300w\" sizes=\"auto, (max-width: 750px) 100vw, 750px\"><\/div>\n<p>Selon des r\u00e9sultats d\u00e9finitifs communiqu\u00e9s par les autorit\u00e9s locales, le PAM est arriv\u00e9 en t\u00eate des \u00e9lections l\u00e9gislatives au niveau de la province de Safi en obtenant 33.579 voix, suivi du PI (21.586 voix), le MP (18.859 voix), le RNI (17.358 voix), le MDS (15.789 voix) et l\u2019UC (13.251 voix).<\/p>\n<p>Le Parti du Progr\u00e8s et Socialisme (PPS) est arriv\u00e9 en 7\u00e8 position avec 10.932 voix, suivi de l\u2019Union Socialistes des Forces Populaires (USFP) (10.241 voix), du Parti Justice et D\u00e9veloppement (PJD) (5.283 voix), du Front des Forces D\u00e9mocratiques (1.799 voix) et les autres partis (entre 66 et 1.333 voix).<\/p>\n<p>Le taux de participation aux \u00e9lections l\u00e9gislatives du 08 septembre 2021 au niveau de la province de Safi a atteint 48,65%.<\/p>\n<p>Au total 183.403 \u00e9lecteurs particip\u00e9 \u00e0 ce scrutin sur un total de 377.020 \u00e9lecteurs inscrits sur les listes \u00e9lectorales au niveau de la province de Safi.<\/p>\n<p>Quelque 25 listes \u00e9lectorales ont \u00e9t\u00e9 en lice pour remporter les 06 si\u00e8ges \u00e0 pourvoir dans le cadre des \u00e9lections l\u00e9gislatives de septembre 2021 au niveau de cette partie du territoire national.<\/p>\n<p>The post <a rel=\"nofollow\" href=\"http:\/\/www.mapmarrakech.ma\/fr\/le-pam-le-pi-le-mp-le-rni-le-mds-et-luc-remportent-les-06-sieges\/\">Le PAM, le PI, le MP, le RNI, le MDS et l\u2019UC remportent les 06 si\u00e8ges<\/a> appeared first on <a rel=\"nofollow\" href=\"http:\/\/www.mapmarrakech.ma\/fr\">MapMarrakech<\/a>.<\/p>\n<\/div>\n<p>Auteur: Meriem IGASS<br \/>\n<a href=\"http:\/\/www.mapmarrakech.ma\/fr\/le-pam-le-pi-le-mp-le-rni-le-mds-et-luc-remportent-les-06-sieges\/\">Cliquez ici pour lire l&rsquo;article depuis sa source.<\/a><\/p>\n","protected":false},"excerpt":{"rendered":"<p>Selon des r\u00e9sultats d\u00e9finitifs communiqu\u00e9s par les autorit\u00e9s locales, le PAM est arriv\u00e9 en t\u00eate des \u00e9lections l\u00e9gislatives au niveau de la province de Safi en obtenant 33.579 voix, suivi du PI (21.586 voix), le MP (18.859 voix), le RNI (17.358 voix), le MDS (15.789 voix) et l\u2019UC (13.251 voix). Le Parti du Progr\u00e8s et [&hellip;]<\/p>\n","protected":false},"author":1788,"featured_media":0,"comment_status":"closed","ping_status":"closed","sticky":false,"template":"","format":"standard","meta":{"fifu_image_url":"http:\/\/www.mapmarrakech.ma\/map\/uploads\/2021\/09\/\u00e9lections-5-copier.jpg","fifu_image_alt":"Le PAM, le PI, le MP, le RNI, le MDS et l\u2019UC remportent les 06 si\u00e8ges","footnotes":""},"categories":[54,76],"tags":[],"class_list":["post-126528","post","type-post","status-publish","format-standard","hentry","category-maroc","category-regions"],"_links":{"self":[{"href":"https:\/\/linitiative.ca\/International\/wp-json\/wp\/v2\/posts\/126528","targetHints":{"allow":["GET"]}}],"collection":[{"href":"https:\/\/linitiative.ca\/International\/wp-json\/wp\/v2\/posts"}],"about":[{"href":"https:\/\/linitiative.ca\/International\/wp-json\/wp\/v2\/types\/post"}],"author":[{"embeddable":true,"href":"https:\/\/linitiative.ca\/International\/wp-json\/wp\/v2\/users\/1788"}],"replies":[{"embeddable":true,"href":"https:\/\/linitiative.ca\/International\/wp-json\/wp\/v2\/comments?post=126528"}],"version-history":[{"count":0,"href":"https:\/\/linitiative.ca\/International\/wp-json\/wp\/v2\/posts\/126528\/revisions"}],"wp:attachment":[{"href":"https:\/\/linitiative.ca\/International\/wp-json\/wp\/v2\/media?parent=126528"}],"wp:term":[{"taxonomy":"category","embeddable":true,"href":"https:\/\/linitiative.ca\/International\/wp-json\/wp\/v2\/categories?post=126528"},{"taxonomy":"post_tag","embeddable":true,"href":"https:\/\/linitiative.ca\/International\/wp-json\/wp\/v2\/tags?post=126528"}],"curies":[{"name":"wp","href":"https:\/\/api.w.org\/{rel}","templated":true}]}}