{"id":126530,"date":"2021-09-09T11:18:06","date_gmt":"2021-09-09T15:18:06","guid":{"rendered":"https:\/\/linitiative.ca\/International\/trois-partis-se-partagent-les-9-sieges-de-la-circonscription\/"},"modified":"2021-09-09T11:18:06","modified_gmt":"2021-09-09T15:18:06","slug":"trois-partis-se-partagent-les-9-sieges-de-la-circonscription","status":"publish","type":"post","link":"https:\/\/linitiative.ca\/International\/trois-partis-se-partagent-les-9-sieges-de-la-circonscription\/","title":{"rendered":"Trois partis se partagent les 9 si\u00e8ges de la circonscription"},"content":{"rendered":"<div>\n<div style=\"margin-bottom:20px;\"><img loading=\"lazy\" decoding=\"async\" width=\"750\" height=\"430\" src=\"https:\/\/linitiative.ca\/International\/wp-content\/uploads\/sites\/23\/2021\/09\/vote-RAK-1-copier-1.jpg\" class=\"attachment-post-thumbnail size-post-thumbnail wp-post-image\" alt=\"\" srcset=\"https:\/\/linitiative.ca\/International\/wp-content\/uploads\/sites\/23\/2021\/09\/vote-RAK-1-copier-1.jpg 750w, http:\/\/www.mapmarrakech.ma\/map\/uploads\/2021\/09\/vote-RAK-1-copier-1-300x172.jpg 300w\" sizes=\"auto, (max-width: 750px) 100vw, 750px\"><\/div>\n<p>Le PAM s\u2019est adjug\u00e9 trois si\u00e8ges (un si\u00e8ge dans chacune des circonscriptions du Medina-Sidi Youssef Ben Ali, de M\u00e9nara et de Guelliz-Ennakhil), apr\u00e8s avoir obtenu 65.907 sur les 209.124 voix exprim\u00e9es, font ressortir les r\u00e9sultats d\u00e9finitifs annonc\u00e9s par les autorit\u00e9s locales.<\/p>\n<p>Pour leur part, le RNI et le PI ont d\u00e9croch\u00e9 trois si\u00e8ges chacun au niveau de la pr\u00e9fecture de Marrakech en s\u2019adjugeant respectivement 44.738 et 36.438 voix.<\/p>\n<p>Un total de 46 listes \u00e9lectorales ont \u00e9t\u00e9 en lice au niveau de la circonscription \u00e9lectorale de Marrakech au titre de ces \u00e9ch\u00e9ances l\u00e9gislatives.<\/p>\n<p>Ces listes sont r\u00e9parties entre 16 qui \u00e9taient en course \u00e0 la circonscription du M\u00e9dina-Sidi Youssef Ben Ali, 16 \u00e0 celle de Menara et 14 \u00e0 Guelliz-Ennakhil.<\/p>\n<p>The post <a rel=\"nofollow\" href=\"http:\/\/www.mapmarrakech.ma\/fr\/trois-partis-se-partagent-les-9-sieges-de-la-circonscription\/\">Trois partis se partagent les 9 si\u00e8ges de la circonscription<\/a> appeared first on <a rel=\"nofollow\" href=\"http:\/\/www.mapmarrakech.ma\/fr\">MapMarrakech<\/a>.<\/p>\n<\/div>\n<p>Auteur: Meriem IGASS<br \/>\n<a href=\"http:\/\/www.mapmarrakech.ma\/fr\/trois-partis-se-partagent-les-9-sieges-de-la-circonscription\/\">Cliquez ici pour lire l&rsquo;article depuis sa source.<\/a><\/p>\n","protected":false},"excerpt":{"rendered":"<p>Le PAM s\u2019est adjug\u00e9 trois si\u00e8ges (un si\u00e8ge dans chacune des circonscriptions du Medina-Sidi Youssef Ben Ali, de M\u00e9nara et de Guelliz-Ennakhil), apr\u00e8s avoir obtenu 65.907 sur les 209.124 voix exprim\u00e9es, font ressortir les r\u00e9sultats d\u00e9finitifs annonc\u00e9s par les autorit\u00e9s locales. Pour leur part, le RNI et le PI ont d\u00e9croch\u00e9 trois si\u00e8ges chacun au [&hellip;]<\/p>\n","protected":false},"author":1788,"featured_media":0,"comment_status":"closed","ping_status":"closed","sticky":false,"template":"","format":"standard","meta":{"fifu_image_url":"http:\/\/www.mapmarrakech.ma\/map\/uploads\/2021\/09\/vote-RAK-1-copier-1.jpg","fifu_image_alt":"Trois partis se partagent les 9 si\u00e8ges de la circonscription","footnotes":""},"categories":[54,76],"tags":[],"class_list":["post-126530","post","type-post","status-publish","format-standard","hentry","category-maroc","category-regions"],"_links":{"self":[{"href":"https:\/\/linitiative.ca\/International\/wp-json\/wp\/v2\/posts\/126530","targetHints":{"allow":["GET"]}}],"collection":[{"href":"https:\/\/linitiative.ca\/International\/wp-json\/wp\/v2\/posts"}],"about":[{"href":"https:\/\/linitiative.ca\/International\/wp-json\/wp\/v2\/types\/post"}],"author":[{"embeddable":true,"href":"https:\/\/linitiative.ca\/International\/wp-json\/wp\/v2\/users\/1788"}],"replies":[{"embeddable":true,"href":"https:\/\/linitiative.ca\/International\/wp-json\/wp\/v2\/comments?post=126530"}],"version-history":[{"count":0,"href":"https:\/\/linitiative.ca\/International\/wp-json\/wp\/v2\/posts\/126530\/revisions"}],"wp:attachment":[{"href":"https:\/\/linitiative.ca\/International\/wp-json\/wp\/v2\/media?parent=126530"}],"wp:term":[{"taxonomy":"category","embeddable":true,"href":"https:\/\/linitiative.ca\/International\/wp-json\/wp\/v2\/categories?post=126530"},{"taxonomy":"post_tag","embeddable":true,"href":"https:\/\/linitiative.ca\/International\/wp-json\/wp\/v2\/tags?post=126530"}],"curies":[{"name":"wp","href":"https:\/\/api.w.org\/{rel}","templated":true}]}}