{"id":126532,"date":"2021-09-09T11:36:21","date_gmt":"2021-09-09T15:36:21","guid":{"rendered":"https:\/\/linitiative.ca\/International\/7e-congres-mondial-des-agences-de-presse-1ere-reunion-preparatoire\/"},"modified":"2021-09-09T11:36:21","modified_gmt":"2021-09-09T15:36:21","slug":"7e-congres-mondial-des-agences-de-presse-1ere-reunion-preparatoire","status":"publish","type":"post","link":"https:\/\/linitiative.ca\/International\/7e-congres-mondial-des-agences-de-presse-1ere-reunion-preparatoire\/","title":{"rendered":"7\u00e8 Congr\u00e8s Mondial des Agences de Presse: 1\u00e8re r\u00e9union pr\u00e9paratoire"},"content":{"rendered":"<div>\n<div style=\"margin-bottom:20px;\"><img loading=\"lazy\" decoding=\"async\" width=\"750\" height=\"430\" src=\"https:\/\/linitiative.ca\/International\/wp-content\/uploads\/sites\/23\/2021\/09\/DG-copier.jpg\" class=\"attachment-post-thumbnail size-post-thumbnail wp-post-image\" alt=\"\" srcset=\"https:\/\/linitiative.ca\/International\/wp-content\/uploads\/sites\/23\/2021\/09\/DG-copier.jpg 750w, http:\/\/www.mapmarrakech.ma\/map\/uploads\/2021\/09\/DG-copier-300x172.jpg 300w\" sizes=\"auto, (max-width: 750px) 100vw, 750px\"><\/div>\n<p>Cette r\u00e9union, pr\u00e9sid\u00e9e par le Directeur G\u00e9n\u00e9ral de la MAP, M. Khalil Hachimi Idrissi, a pour objectifs d\u2019examiner les principaux points relatifs \u00e0 l\u2019organisation de cet \u00e9v\u00e9nement d\u2019envergure internationale, le premier du genre en Afrique, et de d\u00e9cider du slogan \u00ab\u00a0L\u2019avenir des agences de presse en p\u00e9riode de post-pand\u00e9mie\u00a0\u00bb (The Future of News Agencies in Post-Pandemic Word).<\/p>\n<p>L\u2019objet de cette r\u00e9union est de pr\u00e9parer un certain nombre d\u2019\u00e9l\u00e9ments (accueil, logistique, hospitalit\u00e9\u2026) et de th\u00e9matiques relatifs \u00e0 ce Congr\u00e8s mondial avec tous les sujets qui int\u00e9ressent l\u2019avenir des agences de presse apr\u00e8s la pand\u00e9mie, a expliqu\u00e9 M. Hachimi Idrissi dans une d\u00e9claration \u00e0 M24, la cha\u00eene t\u00e9l\u00e9vis\u00e9e d\u2019information en continu de la MAP, ajoutant que la 7\u00e8me \u00e9dition du Congr\u00e8s Mondial des Agences de Presse \u00ab\u00a0va dessiner l\u2019avenir des agences mondiales de presse\u00a0\u00bb.<\/p>\n<p>\u00ab\u00a0Il est s\u00fbr que la pand\u00e9mie a eu un impact profond sur la philosophie, la d\u00e9marche et le travail des agences mondiales de presse, et nous sortons avec un certain nombre de conclusions qui engagent l\u2019avenir, notamment la digitalisation et la globalisation des agences de presse\u00a0\u00bb, a-t-il dit.<\/p>\n<p>Apr\u00e8s avoir soulign\u00e9 que l\u2019\u00e9volution du march\u00e9 a oblig\u00e9 les agences de presse \u00e0 devenir des m\u00e9dias globaux, M. Hachimi Idrissi a fait savoir qu\u2019une agence de presse est aujourd\u2019hui un outil mutli-supports, multi-vecteurs et multi-segments.<\/p>\n<p>\u00ab\u00a0C\u2019est le seul moyen aujourd\u2019hui de faire face \u00e0 l\u2019\u00e9volution du march\u00e9 du syst\u00e8me d\u2019information et d\u2019\u00eatre proche de ses nouveaux clients\/adh\u00e9rents qui demandent une gamme de produits tr\u00e8s vaste, au-del\u00e0 de la d\u00e9p\u00eache classique\u00a0\u00bb, a-t-il relev\u00e9.<\/p>\n<p>Pour sa part, M. Clive Marshall, directeur de l\u2019agence britannique PA-Media Group et pr\u00e9sident du Conseil mondial des Agences de presse, a soulign\u00e9 que la prochaine \u00e9dition du Congr\u00e8s mondial des agences de presse connaitra la participation de plus de 200 personnalit\u00e9s mondiales, dont les directeurs des agences de presse, ainsi que des experts internationaux dans le secteur des m\u00e9dias.<\/p>\n<p>Elle sera l\u2019occasion de d\u00e9battre de la conjoncture des agences de presse et de leur d\u00e9veloppement, notamment les d\u00e9fis auxquels font face les agences de presse durant la p\u00e9riode post-pand\u00e9mie, a-t-il ajout\u00e9.<\/p>\n<p>De son c\u00f4t\u00e9, M. Kiril Valchev, PDG de l\u2019agence de presse bulgare (BTA), pr\u00e9sident en exercice du Congr\u00e8s mondial des agences de presse, a soulign\u00e9 que le congr\u00e8s de Marrakech sera l\u2019occasion de d\u00e9battre de l\u2019avenir des agences de presse dans le monde apr\u00e8s la pand\u00e9mie, ainsi que de plusieurs autres questions, notamment les fake news, les m\u00e9dias entre opinions et faits, les m\u00e9dias entre les besoins du march\u00e9 et le droit \u00e0 l\u2019information\u2026<\/p>\n<p>\u00ab\u00a0Nous sommes ravis de participer aux travaux pr\u00e9paratoires d\u2019une r\u00e9union phare dans l\u2019histoire des agences mondiales de presse, d\u00e9sormais appel\u00e9es \u00e0 changer leur business-mod\u00e8le\u00a0\u00bb, a relev\u00e9 M. Valchev.<\/p>\n<p>M. Mikhail Gusman, de l\u2019agence russe TASS et Vice-pr\u00e9sident du Congr\u00e8s mondial des agences de presse, s\u2019est f\u00e9licit\u00e9 du choix de la MAP pour accueillir cette messe mondiale des agences de presse, marque de confiance des membres du Conseil des agences de presse dans la capacit\u00e9 du Maroc \u00e0 r\u00e9ussir l\u2019organisation d\u2019\u00e9v\u00e9nements d\u2019envergure plan\u00e9taire.<\/p>\n<p>Et de rappeler qu\u2019une deuxi\u00e8me r\u00e9union des membres du NACO est pr\u00e9vue pour janvier 2022 \u00e0 Londres.<\/p>\n<p>Le Maroc a \u00e9t\u00e9 choisi pour accueillir la 7\u00e9me \u00e9dition du Congr\u00e8s mondial des agences de presse en 2022, lors d\u2019une r\u00e9union des membres du Conseil des Agences de Presse Mondiale (NACO), rappelle-t-on, tenue \u00e0 Londres en d\u00e9cembre 2019.<\/p>\n<p>Les six \u00e9ditions pr\u00e9c\u00e9dentes ont eu lieu en Russie (2004), en Espagne (2007), en Argentine (2009), en Arabie Saoudite (2012), en Azerba\u00efdjan (2015) et en Bulgarie (2019).<\/p>\n<p>The post <a rel=\"nofollow\" href=\"http:\/\/www.mapmarrakech.ma\/fr\/conseil-des-agences-de-presse-mondiale-1ere-reunion-preparatoire\/\">7\u00e8 Congr\u00e8s Mondial des Agences de Presse: 1\u00e8re r\u00e9union pr\u00e9paratoire<\/a> appeared first on <a rel=\"nofollow\" href=\"http:\/\/www.mapmarrakech.ma\/fr\">MapMarrakech<\/a>.<\/p>\n<\/div>\n<p>Auteur: Meriem IGASS<br \/>\n<a href=\"http:\/\/www.mapmarrakech.ma\/fr\/conseil-des-agences-de-presse-mondiale-1ere-reunion-preparatoire\/\">Cliquez ici pour lire l&rsquo;article depuis sa source.<\/a><\/p>\n","protected":false},"excerpt":{"rendered":"<p>Cette r\u00e9union, pr\u00e9sid\u00e9e par le Directeur G\u00e9n\u00e9ral de la MAP, M. Khalil Hachimi Idrissi, a pour objectifs d\u2019examiner les principaux points relatifs \u00e0 l\u2019organisation de cet \u00e9v\u00e9nement d\u2019envergure internationale, le premier du genre en Afrique, et de d\u00e9cider du slogan \u00ab\u00a0L\u2019avenir des agences de presse en p\u00e9riode de post-pand\u00e9mie\u00a0\u00bb (The Future of News Agencies in [&hellip;]<\/p>\n","protected":false},"author":1788,"featured_media":0,"comment_status":"closed","ping_status":"closed","sticky":false,"template":"","format":"standard","meta":{"fifu_image_url":"http:\/\/www.mapmarrakech.ma\/map\/uploads\/2021\/09\/DG-copier.jpg","fifu_image_alt":"7\u00e8 Congr\u00e8s Mondial des Agences de Presse: 1\u00e8re r\u00e9union pr\u00e9paratoire","footnotes":""},"categories":[54,76],"tags":[],"class_list":["post-126532","post","type-post","status-publish","format-standard","hentry","category-maroc","category-regions"],"_links":{"self":[{"href":"https:\/\/linitiative.ca\/International\/wp-json\/wp\/v2\/posts\/126532","targetHints":{"allow":["GET"]}}],"collection":[{"href":"https:\/\/linitiative.ca\/International\/wp-json\/wp\/v2\/posts"}],"about":[{"href":"https:\/\/linitiative.ca\/International\/wp-json\/wp\/v2\/types\/post"}],"author":[{"embeddable":true,"href":"https:\/\/linitiative.ca\/International\/wp-json\/wp\/v2\/users\/1788"}],"replies":[{"embeddable":true,"href":"https:\/\/linitiative.ca\/International\/wp-json\/wp\/v2\/comments?post=126532"}],"version-history":[{"count":0,"href":"https:\/\/linitiative.ca\/International\/wp-json\/wp\/v2\/posts\/126532\/revisions"}],"wp:attachment":[{"href":"https:\/\/linitiative.ca\/International\/wp-json\/wp\/v2\/media?parent=126532"}],"wp:term":[{"taxonomy":"category","embeddable":true,"href":"https:\/\/linitiative.ca\/International\/wp-json\/wp\/v2\/categories?post=126532"},{"taxonomy":"post_tag","embeddable":true,"href":"https:\/\/linitiative.ca\/International\/wp-json\/wp\/v2\/tags?post=126532"}],"curies":[{"name":"wp","href":"https:\/\/api.w.org\/{rel}","templated":true}]}}