{"id":126534,"date":"2021-09-09T08:18:05","date_gmt":"2021-09-09T12:18:05","guid":{"rendered":"https:\/\/linitiative.ca\/International\/le-pam-et-le-rni-remportent-les-2-sieges-reserves-a-la-province-de-jerada\/"},"modified":"2021-09-09T08:18:05","modified_gmt":"2021-09-09T12:18:05","slug":"le-pam-et-le-rni-remportent-les-2-sieges-reserves-a-la-province-de-jerada","status":"publish","type":"post","link":"https:\/\/linitiative.ca\/International\/le-pam-et-le-rni-remportent-les-2-sieges-reserves-a-la-province-de-jerada\/","title":{"rendered":"Le PAM et le RNI remportent les 2 si\u00e8ges r\u00e9serv\u00e9s \u00e0 la province de Jerada"},"content":{"rendered":"<div>\n<div style=\"margin-bottom:20px;\"><img loading=\"lazy\" decoding=\"async\" width=\"750\" height=\"430\" src=\"https:\/\/linitiative.ca\/International\/wp-content\/uploads\/sites\/23\/2021\/09\/ville-de-jerada.jpg\" class=\"attachment-post-thumbnail size-post-thumbnail wp-post-image\" alt=\"\" srcset=\"https:\/\/linitiative.ca\/International\/wp-content\/uploads\/sites\/23\/2021\/09\/ville-de-jerada.jpg 750w, http:\/\/www.mapoujda.ma\/map\/uploads\/2021\/09\/ville-de-jerada-300x172.jpg 300w\" sizes=\"auto, (max-width: 750px) 100vw, 750px\"><\/div>\n<p style=\"text-align: justify;\">Le Parti authenticit\u00e9 et modernit\u00e9 (PAM) et le Rassemblement national des ind\u00e9pendants (RNI) se sont partag\u00e9s les deux si\u00e8ges parlementaires r\u00e9serv\u00e9s \u00e0 la province de Jerada lors du scrutin du 8 septembre.<\/p>\n<p style=\"text-align: justify;\">Selon des r\u00e9sultats provisoires communiqu\u00e9s par les autorit\u00e9s locales, les deux partis ont d\u00e9croch\u00e9 chacun un si\u00e8ge dans le cadre de l\u2019\u00e9lection des membres de la Chambre des Repr\u00e9sentants dans la circonscription locale.<\/p>\n<p style=\"text-align: justify;\">Onze listes \u00e9taient en lice pour pourvoir les deux si\u00e8ges avec un total de 22 candidats.<\/p>\n<p style=\"text-align: justify;\">Le taux de participation au triple scrutin du 8 septembre au niveau de la province de Jerada a atteint 60,25 pc, selon la m\u00eame source.<\/p>\n<p style=\"text-align: justify;\">Quelque 44.674 \u00e9lecteurs sur un total de 74.153 inscrits sur les listes \u00e9lectorales se sont rendus, mercredi, aux urnes pour choisir leurs repr\u00e9sentants dans les collectivit\u00e9s territoriales, la Chambre des Repr\u00e9sentants et le Conseil r\u00e9gional de l\u2019Oriental.<\/p>\n<p>L\u2019article <a rel=\"nofollow\" href=\"http:\/\/www.mapoujda.ma\/fr\/le-pam-et-le-rni-remportent-les-2-sieges-reserves-a-la-province-de-jerada\/\">Le PAM et le RNI remportent les 2 si\u00e8ges r\u00e9serv\u00e9s \u00e0 la province de Jerada<\/a> est apparu en premier sur <a rel=\"nofollow\" href=\"http:\/\/www.mapoujda.ma\/fr\">MapOujda<\/a>.<\/p>\n<\/div>\n<p>Auteur: Soufiane ELAHMAR<br \/>\n<a href=\"http:\/\/www.mapoujda.ma\/fr\/le-pam-et-le-rni-remportent-les-2-sieges-reserves-a-la-province-de-jerada\/\">Cliquez ici pour lire l&rsquo;article depuis sa source.<\/a><\/p>\n","protected":false},"excerpt":{"rendered":"<p>Le Parti authenticit\u00e9 et modernit\u00e9 (PAM) et le Rassemblement national des ind\u00e9pendants (RNI) se sont partag\u00e9s les deux si\u00e8ges parlementaires r\u00e9serv\u00e9s \u00e0 la province de Jerada lors du scrutin du 8 septembre. Selon des r\u00e9sultats provisoires communiqu\u00e9s par les autorit\u00e9s locales, les deux partis ont d\u00e9croch\u00e9 chacun un si\u00e8ge dans le cadre de l\u2019\u00e9lection des [&hellip;]<\/p>\n","protected":false},"author":1788,"featured_media":0,"comment_status":"closed","ping_status":"closed","sticky":false,"template":"","format":"standard","meta":{"fifu_image_url":"http:\/\/www.mapoujda.ma\/map\/uploads\/2021\/09\/ville-de-jerada.jpg","fifu_image_alt":"Le PAM et le RNI remportent les 2 si\u00e8ges r\u00e9serv\u00e9s \u00e0 la province de Jerada","footnotes":""},"categories":[54,76],"tags":[],"class_list":["post-126534","post","type-post","status-publish","format-standard","hentry","category-maroc","category-regions"],"_links":{"self":[{"href":"https:\/\/linitiative.ca\/International\/wp-json\/wp\/v2\/posts\/126534","targetHints":{"allow":["GET"]}}],"collection":[{"href":"https:\/\/linitiative.ca\/International\/wp-json\/wp\/v2\/posts"}],"about":[{"href":"https:\/\/linitiative.ca\/International\/wp-json\/wp\/v2\/types\/post"}],"author":[{"embeddable":true,"href":"https:\/\/linitiative.ca\/International\/wp-json\/wp\/v2\/users\/1788"}],"replies":[{"embeddable":true,"href":"https:\/\/linitiative.ca\/International\/wp-json\/wp\/v2\/comments?post=126534"}],"version-history":[{"count":0,"href":"https:\/\/linitiative.ca\/International\/wp-json\/wp\/v2\/posts\/126534\/revisions"}],"wp:attachment":[{"href":"https:\/\/linitiative.ca\/International\/wp-json\/wp\/v2\/media?parent=126534"}],"wp:term":[{"taxonomy":"category","embeddable":true,"href":"https:\/\/linitiative.ca\/International\/wp-json\/wp\/v2\/categories?post=126534"},{"taxonomy":"post_tag","embeddable":true,"href":"https:\/\/linitiative.ca\/International\/wp-json\/wp\/v2\/tags?post=126534"}],"curies":[{"name":"wp","href":"https:\/\/api.w.org\/{rel}","templated":true}]}}