{"id":126542,"date":"2021-09-09T12:10:17","date_gmt":"2021-09-09T16:10:17","guid":{"rendered":"https:\/\/linitiative.ca\/International\/legislatives-2021-le-pam-et-le-pi-sadjugent-les-deux-sieges-de-la-circonscription-de-guercif\/"},"modified":"2021-09-09T12:10:17","modified_gmt":"2021-09-09T16:10:17","slug":"legislatives-2021-le-pam-et-le-pi-sadjugent-les-deux-sieges-de-la-circonscription-de-guercif","status":"publish","type":"post","link":"https:\/\/linitiative.ca\/International\/legislatives-2021-le-pam-et-le-pi-sadjugent-les-deux-sieges-de-la-circonscription-de-guercif\/","title":{"rendered":"L\u00e9gislatives 2021 : Le PAM et le PI s\u2019adjugent les deux si\u00e8ges de la circonscription de Guercif"},"content":{"rendered":"<div>\n<div style=\"margin-bottom:20px;\"><img loading=\"lazy\" decoding=\"async\" width=\"750\" height=\"430\" src=\"https:\/\/linitiative.ca\/International\/wp-content\/uploads\/sites\/23\/2021\/09\/Tunisie-vote-1.jpg\" class=\"attachment-post-thumbnail size-post-thumbnail wp-post-image\" alt=\"\" srcset=\"https:\/\/linitiative.ca\/International\/wp-content\/uploads\/sites\/23\/2021\/09\/Tunisie-vote-1.jpg 750w, http:\/\/www.mapoujda.ma\/map\/uploads\/2021\/04\/Tunisie-vote-300x172.jpg 300w\" sizes=\"auto, (max-width: 750px) 100vw, 750px\"><\/div>\n<div>\n<p style=\"text-align: justify;\">Le Parti Authenticit\u00e9 et Modernit\u00e9 (PAM) et le Parti de l\u2019Istiqlal (PI) ont remport\u00e9 les deux si\u00e8ges de la Chambre des Repr\u00e9sentants consacr\u00e9s \u00e0 la circonscription locale de Guercif, \u00e0 l\u2019issue des \u00e9lections l\u00e9gislatives du 8 septembre.<\/p>\n<p style=\"text-align: justify;\">Selon les r\u00e9sultats provisoires annonc\u00e9s par les autorit\u00e9s locales, le PAM est arriv\u00e9 premier lors de ce scrutin en obtenant 13.666 voix, soit 31,69 pc des voix exprim\u00e9es, devant le PI qui a obtenu 11.524 voix (26,72 pc).<\/p>\n<p style=\"text-align: justify;\">Le taux de participation au triple scrutin du 8 septembre a atteint 54,96 pc au niveau de la province de Guercif, a ajout\u00e9 la m\u00eame source.<\/p>\n<p style=\"text-align: justify;\">Quelque 89.100 \u00e9lecteurs \u00e9taient appel\u00e9s \u00e0 voter, mercredi, lors des \u00e9lections l\u00e9gislatives, communales et r\u00e9gionales au niveau de cette province, qui a accueilli 266 bureaux de vote.<\/p>\n<\/div>\n<p>L\u2019article <a rel=\"nofollow\" href=\"http:\/\/www.mapoujda.ma\/fr\/legislatives-2021-le-pam-et-le-pi-sadjugent-les-deux-sieges-de-la-circonscription-de-guercif\/\">L\u00e9gislatives 2021 : Le PAM et le PI s\u2019adjugent les deux si\u00e8ges de la circonscription de Guercif<\/a> est apparu en premier sur <a rel=\"nofollow\" href=\"http:\/\/www.mapoujda.ma\/fr\">MapOujda<\/a>.<\/p>\n<\/div>\n<p>Auteur: Soufiane ELAHMAR<br \/>\n<a href=\"http:\/\/www.mapoujda.ma\/fr\/legislatives-2021-le-pam-et-le-pi-sadjugent-les-deux-sieges-de-la-circonscription-de-guercif\/\">Cliquez ici pour lire l&rsquo;article depuis sa source.<\/a><\/p>\n","protected":false},"excerpt":{"rendered":"<p>Le Parti Authenticit\u00e9 et Modernit\u00e9 (PAM) et le Parti de l\u2019Istiqlal (PI) ont remport\u00e9 les deux si\u00e8ges de la Chambre des Repr\u00e9sentants consacr\u00e9s \u00e0 la circonscription locale de Guercif, \u00e0 l\u2019issue des \u00e9lections l\u00e9gislatives du 8 septembre. Selon les r\u00e9sultats provisoires annonc\u00e9s par les autorit\u00e9s locales, le PAM est arriv\u00e9 premier lors de ce scrutin [&hellip;]<\/p>\n","protected":false},"author":1788,"featured_media":0,"comment_status":"closed","ping_status":"closed","sticky":false,"template":"","format":"standard","meta":{"fifu_image_url":"http:\/\/www.mapoujda.ma\/map\/uploads\/2021\/04\/Tunisie-vote.jpg","fifu_image_alt":"L\u00e9gislatives 2021 : Le PAM et le PI s\u2019adjugent les deux si\u00e8ges de la circonscription de Guercif","footnotes":""},"categories":[54,76],"tags":[],"class_list":["post-126542","post","type-post","status-publish","format-standard","hentry","category-maroc","category-regions"],"_links":{"self":[{"href":"https:\/\/linitiative.ca\/International\/wp-json\/wp\/v2\/posts\/126542","targetHints":{"allow":["GET"]}}],"collection":[{"href":"https:\/\/linitiative.ca\/International\/wp-json\/wp\/v2\/posts"}],"about":[{"href":"https:\/\/linitiative.ca\/International\/wp-json\/wp\/v2\/types\/post"}],"author":[{"embeddable":true,"href":"https:\/\/linitiative.ca\/International\/wp-json\/wp\/v2\/users\/1788"}],"replies":[{"embeddable":true,"href":"https:\/\/linitiative.ca\/International\/wp-json\/wp\/v2\/comments?post=126542"}],"version-history":[{"count":0,"href":"https:\/\/linitiative.ca\/International\/wp-json\/wp\/v2\/posts\/126542\/revisions"}],"wp:attachment":[{"href":"https:\/\/linitiative.ca\/International\/wp-json\/wp\/v2\/media?parent=126542"}],"wp:term":[{"taxonomy":"category","embeddable":true,"href":"https:\/\/linitiative.ca\/International\/wp-json\/wp\/v2\/categories?post=126542"},{"taxonomy":"post_tag","embeddable":true,"href":"https:\/\/linitiative.ca\/International\/wp-json\/wp\/v2\/tags?post=126542"}],"curies":[{"name":"wp","href":"https:\/\/api.w.org\/{rel}","templated":true}]}}