{"id":126548,"date":"2021-09-09T12:00:19","date_gmt":"2021-09-09T16:00:19","guid":{"rendered":"https:\/\/linitiative.ca\/International\/pjd-othmani-demissionne-du-secretariat-general\/"},"modified":"2021-09-09T12:00:19","modified_gmt":"2021-09-09T16:00:19","slug":"pjd-othmani-demissionne-du-secretariat-general","status":"publish","type":"post","link":"https:\/\/linitiative.ca\/International\/pjd-othmani-demissionne-du-secretariat-general\/","title":{"rendered":"PJD: Othmani d\u00e9missionne du secr\u00e9tariat g\u00e9n\u00e9ral"},"content":{"rendered":"<div>\n<div class=\"field field-name-body field-type-text-with-summary field-label-hidden\">\n<div class=\"field-items\">\n<div class=\"field-item even\" property=\"content:encoded\">\n<p class=\"rtejustify\">Saad-Eddine El Othmani vient de d\u00e9missionner du secr\u00e9tariat g\u00e9n\u00e9ral du PJD. L&rsquo;annonce\u00a0a \u00e9t\u00e9 faite par le SG lui-m\u00eame sur le site du parti de la lampe. Cette d\u00e9mission \u00e9tait pr\u00e9visible apr\u00e8s la d\u00e9b\u00e2cle subie par la formation politiques aux \u00e9lections l\u00e9gislatives. Tous les membres du bureau politique du parti ont \u00e9galement d\u00e9missionn\u00e9.<\/p>\n<\/div>\n<\/div>\n<\/div>\n<\/div>\n<p>Auteur: hgueye<br \/>\n<a href=\"https:\/\/www.leconomiste.com\/flash-infos\/pjd-othmani-demission-du-secretariat-general\">Cliquez ici pour lire l&rsquo;article depuis sa source.<\/a><\/p>\n","protected":false},"excerpt":{"rendered":"<p>Saad-Eddine El Othmani vient de d\u00e9missionner du secr\u00e9tariat g\u00e9n\u00e9ral du PJD. L&rsquo;annonce\u00a0a \u00e9t\u00e9 faite par le SG lui-m\u00eame sur le site du parti de la lampe. Cette d\u00e9mission \u00e9tait pr\u00e9visible apr\u00e8s la d\u00e9b\u00e2cle subie par la formation politiques aux \u00e9lections l\u00e9gislatives. Tous les membres du bureau politique du parti ont \u00e9galement d\u00e9missionn\u00e9. Auteur: hgueye Cliquez [&hellip;]<\/p>\n","protected":false},"author":1763,"featured_media":0,"comment_status":"closed","ping_status":"closed","sticky":false,"template":"","format":"standard","meta":{"fifu_image_url":"","fifu_image_alt":"","footnotes":""},"categories":[78,54],"tags":[],"class_list":["post-126548","post","type-post","status-publish","format-standard","hentry","category-economie","category-maroc"],"_links":{"self":[{"href":"https:\/\/linitiative.ca\/International\/wp-json\/wp\/v2\/posts\/126548","targetHints":{"allow":["GET"]}}],"collection":[{"href":"https:\/\/linitiative.ca\/International\/wp-json\/wp\/v2\/posts"}],"about":[{"href":"https:\/\/linitiative.ca\/International\/wp-json\/wp\/v2\/types\/post"}],"author":[{"embeddable":true,"href":"https:\/\/linitiative.ca\/International\/wp-json\/wp\/v2\/users\/1763"}],"replies":[{"embeddable":true,"href":"https:\/\/linitiative.ca\/International\/wp-json\/wp\/v2\/comments?post=126548"}],"version-history":[{"count":0,"href":"https:\/\/linitiative.ca\/International\/wp-json\/wp\/v2\/posts\/126548\/revisions"}],"wp:attachment":[{"href":"https:\/\/linitiative.ca\/International\/wp-json\/wp\/v2\/media?parent=126548"}],"wp:term":[{"taxonomy":"category","embeddable":true,"href":"https:\/\/linitiative.ca\/International\/wp-json\/wp\/v2\/categories?post=126548"},{"taxonomy":"post_tag","embeddable":true,"href":"https:\/\/linitiative.ca\/International\/wp-json\/wp\/v2\/tags?post=126548"}],"curies":[{"name":"wp","href":"https:\/\/api.w.org\/{rel}","templated":true}]}}