{"id":126549,"date":"2021-09-08T15:09:00","date_gmt":"2021-09-08T19:09:00","guid":{"rendered":"https:\/\/linitiative.ca\/International\/delort-decouvre-ses-nouveaux-coequipiers-a-nice\/"},"modified":"2021-09-08T15:09:00","modified_gmt":"2021-09-08T19:09:00","slug":"delort-decouvre-ses-nouveaux-coequipiers-a-nice","status":"publish","type":"post","link":"https:\/\/linitiative.ca\/International\/delort-decouvre-ses-nouveaux-coequipiers-a-nice\/","title":{"rendered":"Delort d\u00e9couvre ses nouveaux co\u00e9quipiers \u00e0 Nice"},"content":{"rendered":"<div>Au lendemain de son d\u00e9placement avec la s\u00e9lection nationale \u00e0 Marrakech, Andy Delort a particip\u00e9 ce mercredi \u00e0 son tout premier entrainement avec sa nouvelle \u00e9quipe de l&rsquo;OGC Nice<img loading=\"lazy\" decoding=\"async\" src=\"http:\/\/feeds.feedburner.com\/~r\/GalerieFArtciles\/~4\/Eda-bOPwNxo\" height=\"1\" width=\"1\" alt=\"\"><\/div>\n<p>Auteur:<br \/>\n<a href=\"http:\/\/www.lebuteur.com\/article\/detail?titre=delort-decouvre-ses-nouveaux-coequipiers-a-nice&#038;id=101051&#038;utm_source=feedburner&#038;utm_medium=feed&#038;utm_campaign=Feed%3A+GalerieFArtciles+%28Les+derniers+articles++-+lebuteur.com%29\">Cliquez ici pour lire l&rsquo;article depuis sa source.<\/a><\/p>\n","protected":false},"excerpt":{"rendered":"<p>Au lendemain de son d\u00e9placement avec la s\u00e9lection nationale \u00e0 Marrakech, Andy Delort a particip\u00e9 ce mercredi \u00e0 son tout premier entrainement avec sa nouvelle \u00e9quipe de l&rsquo;OGC Nice Auteur: Cliquez ici pour lire l&rsquo;article depuis sa source.<\/p>\n","protected":false},"author":1738,"featured_media":0,"comment_status":"closed","ping_status":"closed","sticky":false,"template":"","format":"standard","meta":{"fifu_image_url":"http:\/\/feeds.feedburner.com\/~r\/GalerieFArtciles\/~4\/Eda-bOPwNxo","fifu_image_alt":"Delort d\u00e9couvre ses nouveaux co\u00e9quipiers \u00e0 Nice","footnotes":""},"categories":[53,75],"tags":[],"class_list":["post-126549","post","type-post","status-publish","format-standard","hentry","category-algerie","category-sport"],"_links":{"self":[{"href":"https:\/\/linitiative.ca\/International\/wp-json\/wp\/v2\/posts\/126549","targetHints":{"allow":["GET"]}}],"collection":[{"href":"https:\/\/linitiative.ca\/International\/wp-json\/wp\/v2\/posts"}],"about":[{"href":"https:\/\/linitiative.ca\/International\/wp-json\/wp\/v2\/types\/post"}],"author":[{"embeddable":true,"href":"https:\/\/linitiative.ca\/International\/wp-json\/wp\/v2\/users\/1738"}],"replies":[{"embeddable":true,"href":"https:\/\/linitiative.ca\/International\/wp-json\/wp\/v2\/comments?post=126549"}],"version-history":[{"count":0,"href":"https:\/\/linitiative.ca\/International\/wp-json\/wp\/v2\/posts\/126549\/revisions"}],"wp:attachment":[{"href":"https:\/\/linitiative.ca\/International\/wp-json\/wp\/v2\/media?parent=126549"}],"wp:term":[{"taxonomy":"category","embeddable":true,"href":"https:\/\/linitiative.ca\/International\/wp-json\/wp\/v2\/categories?post=126549"},{"taxonomy":"post_tag","embeddable":true,"href":"https:\/\/linitiative.ca\/International\/wp-json\/wp\/v2\/tags?post=126549"}],"curies":[{"name":"wp","href":"https:\/\/api.w.org\/{rel}","templated":true}]}}