{"id":126552,"date":"2021-09-09T06:20:29","date_gmt":"2021-09-09T10:20:29","guid":{"rendered":"https:\/\/linitiative.ca\/International\/inquietudes-des-defenseurs-des-droits-de-lhomme\/"},"modified":"2021-09-09T06:20:29","modified_gmt":"2021-09-09T10:20:29","slug":"inquietudes-des-defenseurs-des-droits-de-lhomme","status":"publish","type":"post","link":"https:\/\/linitiative.ca\/International\/inquietudes-des-defenseurs-des-droits-de-lhomme\/","title":{"rendered":"Inqui\u00e9tudes des d\u00e9fenseurs des droits de l\u2019homme"},"content":{"rendered":"<div>\n<div class=\"sriret\"><img decoding=\"async\" src=\"https:\/\/linitiative.ca\/International\/wp-content\/uploads\/sites\/23\/2021\/09\/default-picture-709x366_c-20.jpg\"><\/div>\n<p class=\"p1\"><span class=\"s1\"><b>D<\/b><\/span><span class=\"s1\">e nombreuses arrestations ou des proc\u00e8s, notamment d\u2019activistes du hirak, ont eu lieu ces derniers jours, \u00e0 travers plusieurs wilayas du pays. La situation semble inqui\u00e9ter au plus haut point les d\u00e9fenseurs des libert\u00e9s et des droits de l\u2019homme, qui n\u2019ont cess\u00e9 de lancer des appels pour la lib\u00e9ration des d\u00e9tenus d\u2019opinion. <\/span><\/p>\n<p class=\"p1\"><span class=\"s1\">Des p\u00e9titions sont \u00e9pisodiquement lanc\u00e9es. Mais les choses ne semblent pas aller, a priori, dans le sens de l\u2019\u00abapaisement\u00bb souhait\u00e9 par ceux-l\u00e0. S\u2019il y a eu, par moment, des gr\u00e2ces pr\u00e9sidentielles qui ont touch\u00e9 des d\u00e9tenus du hirak, les arrestations, de leur avis, n\u2019ont pas cess\u00e9. <i>\u00abLes arrestations ne se sont pas arr\u00eat\u00e9es depuis plus de deux ans, et il n\u2019y a rien qui indique que le r\u00e9gime a l\u2019intention de revenir \u00e0 la normale, du moins \u00e0 la situation d\u2019avant juin 2019. Bien au contraire. Le r\u00e9gime a mis en place une strat\u00e9gie s\u00e9curitaire pour museler, au nom de la \u2018\u2018lutte antiterroriste\u2019\u2019, tous ceux qui s\u2019opposent \u00e0 lui. Des personnes ont \u00e9t\u00e9 poursuivies pour leur appartenance au MAK ou \u00e0 Rachad, alors qu\u2019en r\u00e9alit\u00e9, elles n\u2019ont aucun lien avec ces deux organisations. Tout adversaire politique qui d\u00e9rangerait le r\u00e9gime risquera d\u2019\u00eatre accus\u00e9, \u00e0 tort, de terrorisme, au nom du MAK et de Rachad, alors qu\u2019il n\u2019a aucun lien avec ces derniers\u00bb,<\/i> nous a d\u00e9clar\u00e9 \u00e0 ce propos l\u2019avocat Abdelghani Badi. <\/span><\/p>\n<p>*Retrouvez l\u2019inte\u0301gralite\u0301 de nos articles sur la version papier<\/p>\n<p class=\"p2\">\n<p>L\u2019article <a rel=\"nofollow\" href=\"https:\/\/www.elwatan.com\/edition\/actualite\/inquietudes-des-defenseurs-des-droits-de-lhomme-09-09-2021\">Inqui\u00e9tudes des d\u00e9fenseurs des droits de l\u2019homme<\/a> est apparu en premier sur <a rel=\"nofollow\" href=\"https:\/\/www.elwatan.com\/\">El Watan<\/a>.<\/p>\n<\/div>\n<p>Auteur: Hicham Chouadria<br \/>\n<a href=\"https:\/\/www.elwatan.com\/edition\/actualite\/inquietudes-des-defenseurs-des-droits-de-lhomme-09-09-2021\">Cliquez ici pour lire l&rsquo;article depuis sa source.<\/a><\/p>\n","protected":false},"excerpt":{"rendered":"<p>De nombreuses arrestations ou des proc\u00e8s, notamment d\u2019activistes du hirak, ont eu lieu ces derniers jours, \u00e0 travers plusieurs wilayas du pays. La situation semble inqui\u00e9ter au plus haut point les d\u00e9fenseurs des libert\u00e9s et des droits de l\u2019homme, qui n\u2019ont cess\u00e9 de lancer des appels pour la lib\u00e9ration des d\u00e9tenus d\u2019opinion. Des p\u00e9titions sont [&hellip;]<\/p>\n","protected":false},"author":1743,"featured_media":0,"comment_status":"closed","ping_status":"closed","sticky":false,"template":"","format":"standard","meta":{"fifu_image_url":"https:\/\/www.elwatan.com\/wp-content\/themes\/spectr\/img\/default-picture-709x366_c.jpg","fifu_image_alt":"Inqui\u00e9tudes des d\u00e9fenseurs des droits de l\u2019homme","footnotes":""},"categories":[73,53],"tags":[],"class_list":["post-126552","post","type-post","status-publish","format-standard","hentry","category-actualite","category-algerie"],"_links":{"self":[{"href":"https:\/\/linitiative.ca\/International\/wp-json\/wp\/v2\/posts\/126552","targetHints":{"allow":["GET"]}}],"collection":[{"href":"https:\/\/linitiative.ca\/International\/wp-json\/wp\/v2\/posts"}],"about":[{"href":"https:\/\/linitiative.ca\/International\/wp-json\/wp\/v2\/types\/post"}],"author":[{"embeddable":true,"href":"https:\/\/linitiative.ca\/International\/wp-json\/wp\/v2\/users\/1743"}],"replies":[{"embeddable":true,"href":"https:\/\/linitiative.ca\/International\/wp-json\/wp\/v2\/comments?post=126552"}],"version-history":[{"count":0,"href":"https:\/\/linitiative.ca\/International\/wp-json\/wp\/v2\/posts\/126552\/revisions"}],"wp:attachment":[{"href":"https:\/\/linitiative.ca\/International\/wp-json\/wp\/v2\/media?parent=126552"}],"wp:term":[{"taxonomy":"category","embeddable":true,"href":"https:\/\/linitiative.ca\/International\/wp-json\/wp\/v2\/categories?post=126552"},{"taxonomy":"post_tag","embeddable":true,"href":"https:\/\/linitiative.ca\/International\/wp-json\/wp\/v2\/tags?post=126552"}],"curies":[{"name":"wp","href":"https:\/\/api.w.org\/{rel}","templated":true}]}}