{"id":126554,"date":"2021-09-09T06:25:47","date_gmt":"2021-09-09T10:25:47","guid":{"rendered":"https:\/\/linitiative.ca\/International\/la-liste-des-detenus-sallonge-vague-darrestations-et-proces-en-cascade\/"},"modified":"2021-09-09T06:25:47","modified_gmt":"2021-09-09T10:25:47","slug":"la-liste-des-detenus-sallonge-vague-darrestations-et-proces-en-cascade","status":"publish","type":"post","link":"https:\/\/linitiative.ca\/International\/la-liste-des-detenus-sallonge-vague-darrestations-et-proces-en-cascade\/","title":{"rendered":"La liste des d\u00e9tenus s\u2019allonge : Vague d\u2019arrestations et proc\u00e8s en cascade"},"content":{"rendered":"<div>\n<div class=\"sriret\"><img loading=\"lazy\" decoding=\"async\" width=\"800\" height=\"450\" src=\"https:\/\/linitiative.ca\/International\/wp-content\/uploads\/sites\/23\/2021\/09\/arrestation.jpg\" class=\"attachment-featured_large size-featured_large wp-post-image\" alt=\"\" style=\"margin-bottom: 15px;\" srcset=\"https:\/\/linitiative.ca\/International\/wp-content\/uploads\/sites\/23\/2021\/09\/arrestation.jpg 800w, https:\/\/www.elwatan.com\/wp-content\/uploads\/2019\/02\/arrestation-300x169.jpg 300w, https:\/\/www.elwatan.com\/wp-content\/uploads\/2019\/02\/arrestation-768x432.jpg 768w\" sizes=\"auto, (max-width: 800px) 100vw, 800px\"><\/div>\n<p class=\"p1\"><span class=\"s1\"><b>L<\/b><\/span><span class=\"s1\">es arrestations et les d\u00e9tentions des activistes du hirak s\u2019accentuent. Depuis quelques jours, alertent les d\u00e9fenseurs des droits de l\u2019homme, la situation des libert\u00e9s en Alg\u00e9rie s\u2019est gravement d\u00e9t\u00e9rior\u00e9e. Il ne se passe pas un jour sans que le Comit\u00e9 national pour la lib\u00e9ration des d\u00e9tenus d\u2019opinion (CNLD) ne recense de nouvelles arrestations de personnes connues pour leur activisme dans le hirak du 22 F\u00e9vrier 2019, qui a fait barrage au 5<sup>e<\/sup> mandat du pr\u00e9sident d\u00e9chu, Abdelaziz Bouteflika. <\/span><\/p>\n<p class=\"p1\"><span class=\"s1\">Ces derniers viennent ainsi allonger la liste des d\u00e9tenus politiques et d\u2019opinion condamn\u00e9s ou qui attendent, dans les prisons, la programmation de leurs proc\u00e8s. Parmi ces activistes, indique le CNLD, il y a Malek Boudjemaa, militant de Guendouze, commune d\u2019A\u00eft Rezine, dans la wilaya de B\u00e9ja\u00efa. Ce dernier a \u00e9t\u00e9 arr\u00eat\u00e9 le 6 septembre par des \u00e9l\u00e9ments de la gendarmerie avec perquisition de son domicile familial. Il a \u00e9t\u00e9 transf\u00e9r\u00e9 ensuite \u00e0 Alger pour \u00eatre pr\u00e9sent\u00e9 devant le tribunal de Sidi M\u2019hamed.\u00a0<\/span><\/p>\n<p>*Retrouvez l\u2019inte\u0301gralite\u0301 de nos articles sur la version papier<\/p>\n<p>L\u2019article <a rel=\"nofollow\" href=\"https:\/\/www.elwatan.com\/edition\/actualite\/la-liste-des-detenus-sallonge-vague-darrestations-et-proces-en-cascade-09-09-2021\">La liste des d\u00e9tenus s\u2019allonge : Vague d\u2019arrestations et proc\u00e8s en cascade<\/a> est apparu en premier sur <a rel=\"nofollow\" href=\"https:\/\/www.elwatan.com\/\">El Watan<\/a>.<\/p>\n<\/div>\n<p>Auteur: Hicham Chouadria<br \/>\n<a href=\"https:\/\/www.elwatan.com\/edition\/actualite\/la-liste-des-detenus-sallonge-vague-darrestations-et-proces-en-cascade-09-09-2021\">Cliquez ici pour lire l&rsquo;article depuis sa source.<\/a><\/p>\n","protected":false},"excerpt":{"rendered":"<p>Les arrestations et les d\u00e9tentions des activistes du hirak s\u2019accentuent. Depuis quelques jours, alertent les d\u00e9fenseurs des droits de l\u2019homme, la situation des libert\u00e9s en Alg\u00e9rie s\u2019est gravement d\u00e9t\u00e9rior\u00e9e. Il ne se passe pas un jour sans que le Comit\u00e9 national pour la lib\u00e9ration des d\u00e9tenus d\u2019opinion (CNLD) ne recense de nouvelles arrestations de personnes [&hellip;]<\/p>\n","protected":false},"author":1743,"featured_media":0,"comment_status":"closed","ping_status":"closed","sticky":false,"template":"","format":"standard","meta":{"fifu_image_url":"https:\/\/www.elwatan.com\/wp-content\/uploads\/2019\/02\/arrestation.jpg","fifu_image_alt":"La liste des d\u00e9tenus s\u2019allonge : Vague d\u2019arrestations et proc\u00e8s en cascade","footnotes":""},"categories":[73,53],"tags":[],"class_list":["post-126554","post","type-post","status-publish","format-standard","hentry","category-actualite","category-algerie"],"_links":{"self":[{"href":"https:\/\/linitiative.ca\/International\/wp-json\/wp\/v2\/posts\/126554","targetHints":{"allow":["GET"]}}],"collection":[{"href":"https:\/\/linitiative.ca\/International\/wp-json\/wp\/v2\/posts"}],"about":[{"href":"https:\/\/linitiative.ca\/International\/wp-json\/wp\/v2\/types\/post"}],"author":[{"embeddable":true,"href":"https:\/\/linitiative.ca\/International\/wp-json\/wp\/v2\/users\/1743"}],"replies":[{"embeddable":true,"href":"https:\/\/linitiative.ca\/International\/wp-json\/wp\/v2\/comments?post=126554"}],"version-history":[{"count":0,"href":"https:\/\/linitiative.ca\/International\/wp-json\/wp\/v2\/posts\/126554\/revisions"}],"wp:attachment":[{"href":"https:\/\/linitiative.ca\/International\/wp-json\/wp\/v2\/media?parent=126554"}],"wp:term":[{"taxonomy":"category","embeddable":true,"href":"https:\/\/linitiative.ca\/International\/wp-json\/wp\/v2\/categories?post=126554"},{"taxonomy":"post_tag","embeddable":true,"href":"https:\/\/linitiative.ca\/International\/wp-json\/wp\/v2\/tags?post=126554"}],"curies":[{"name":"wp","href":"https:\/\/api.w.org\/{rel}","templated":true}]}}