{"id":126556,"date":"2021-09-09T06:35:04","date_gmt":"2021-09-09T10:35:04","guid":{"rendered":"https:\/\/linitiative.ca\/International\/des-resultats-en-deca-des-attentes\/"},"modified":"2021-09-09T06:35:04","modified_gmt":"2021-09-09T10:35:04","slug":"des-resultats-en-deca-des-attentes","status":"publish","type":"post","link":"https:\/\/linitiative.ca\/International\/des-resultats-en-deca-des-attentes\/","title":{"rendered":"Des r\u00e9sultats en de\u00e7\u00e0 des attentes"},"content":{"rendered":"<div>\n<div class=\"sriret\"><img decoding=\"async\" src=\"https:\/\/linitiative.ca\/International\/wp-content\/uploads\/sites\/23\/2021\/09\/default-picture-709x366_c-21.jpg\"><\/div>\n<p class=\"p4\"><span class=\"s1\"><b>D<\/b><\/span>u c\u00f4t\u00e9 des Hauts-Plateaux s\u00e9tifiens, la premi\u00e8re semaine de la campagne nationale de vaccination de masse n\u2019a pas obtenu les r\u00e9sultats escompt\u00e9s. La vaccination de 32\u00a0000 personnes en quatre jours, soit une moyenne de 8000 doses par jour, fait grincer des dents les professionnels de la sant\u00e9.<\/p>\n<p class=\"p4\">Contact\u00e9s par <i>El\u00a0Watan,<\/i> de nombreux praticiens et hospitalo-universitaires s\u2019expliquent mal la r\u00e9ticence d\u2019une grande partie de la population, laquelle fait mine d\u2019oublier que le satan\u00e9 virus r\u00f4de encore et continue d\u2019endeuiller de nombreuses familles. <i>\u00abAfin de vacciner le plus grand nombre de personnes, nous avons multipli\u00e9 les points de vaccination et mobilis\u00e9 toute une arm\u00e9e de m\u00e9decins et de param\u00e9dicaux. Cependant, les r\u00e9sultats obtenus demeurent en de\u00e7\u00e0 des attentes, des objectifs trac\u00e9s et des gros moyens d\u00e9ploy\u00e9s. Il est vrai que nous avons d\u00e9pass\u00e9 le seuil des 360\u00a0000 vaccinations \u00e0 S\u00e9tif, nous restons en revanche loin du million de personnes \u00e0 vacciner \u00e0 travers les quatre coins de la wilaya. Les r\u00e9ticences des gens ne nous d\u00e9couragent pas pour autant. Nous allons renforcer les campagnes de sensibilisation pour amener nos concitoyens \u00e0 se faire vacciner. Dans ce sens, les m\u00e9dias ont un grand r\u00f4le \u00e0 jouer<\/i>\u00bb, souligne Abdelkrim Dahane, le directeur de la sant\u00e9 et de la population (DSP) de la wilaya. \u00ab<i>L\u2019heure d\u2019un retour \u00e0 la vie normale n\u2019a pas encore sonn\u00e9. Alors qu\u2019une grande frange de la population baisse carr\u00e9ment la garde. La situation sanitaire s\u2019am\u00e9liore de jour en jour. Avec une moyenne quotidienne de 10 \u00e0 12 hospitalisations dans les diff\u00e9rentes structures sanitaires de la wilaya, nous sommes tr\u00e8s loin du pic de plus de 100 hospitalisations jour. Pour juguler la pand\u00e9mie, booster l\u2019immunit\u00e9 collective et prendre le dessus sur le dangereux virus, la vaccination de masse est la seule issue. On n\u2019a pas le choix. L\u2019heure n\u2019est pas \u00e0 la pol\u00e9mique. Nous devons nous vacciner, point barre<\/i>\u00bb, affirment \u00e0 <i>El Watan<\/i> des praticiens du CHU, qui a re\u00e7u hier la premi\u00e8re centrale de production de l\u2019oxyg\u00e8ne m\u00e9dical d\u2019une capacit\u00e9 de 55\u00a0000 l\/h. Faisant partie d\u2019un lot de trois gigantesques g\u00e9n\u00e9rateurs d\u2019une capacit\u00e9 globale de 165\u00a0000 l\/h, les importants \u00e9quipements ont \u00e9t\u00e9 financ\u00e9s par deux grands industriels de S\u00e9tif o\u00f9 la solidarit\u00e9 est citoyenne.<\/p>\n<p>L\u2019article <a rel=\"nofollow\" href=\"https:\/\/www.elwatan.com\/edition\/actualite\/des-resultats-en-deca-des-attentes-09-09-2021\">Des r\u00e9sultats en de\u00e7\u00e0 des attentes<\/a> est apparu en premier sur <a rel=\"nofollow\" href=\"https:\/\/www.elwatan.com\/\">El Watan<\/a>.<\/p>\n<\/div>\n<p>Auteur: Hicham Chouadria<br \/>\n<a href=\"https:\/\/www.elwatan.com\/edition\/actualite\/des-resultats-en-deca-des-attentes-09-09-2021\">Cliquez ici pour lire l&rsquo;article depuis sa source.<\/a><\/p>\n","protected":false},"excerpt":{"rendered":"<p>Du c\u00f4t\u00e9 des Hauts-Plateaux s\u00e9tifiens, la premi\u00e8re semaine de la campagne nationale de vaccination de masse n\u2019a pas obtenu les r\u00e9sultats escompt\u00e9s. La vaccination de 32\u00a0000 personnes en quatre jours, soit une moyenne de 8000 doses par jour, fait grincer des dents les professionnels de la sant\u00e9. Contact\u00e9s par El\u00a0Watan, de nombreux praticiens et hospitalo-universitaires [&hellip;]<\/p>\n","protected":false},"author":1743,"featured_media":0,"comment_status":"closed","ping_status":"closed","sticky":false,"template":"","format":"standard","meta":{"fifu_image_url":"https:\/\/www.elwatan.com\/wp-content\/themes\/spectr\/img\/default-picture-709x366_c.jpg","fifu_image_alt":"Des r\u00e9sultats en de\u00e7\u00e0 des attentes","footnotes":""},"categories":[73,53],"tags":[],"class_list":["post-126556","post","type-post","status-publish","format-standard","hentry","category-actualite","category-algerie"],"_links":{"self":[{"href":"https:\/\/linitiative.ca\/International\/wp-json\/wp\/v2\/posts\/126556","targetHints":{"allow":["GET"]}}],"collection":[{"href":"https:\/\/linitiative.ca\/International\/wp-json\/wp\/v2\/posts"}],"about":[{"href":"https:\/\/linitiative.ca\/International\/wp-json\/wp\/v2\/types\/post"}],"author":[{"embeddable":true,"href":"https:\/\/linitiative.ca\/International\/wp-json\/wp\/v2\/users\/1743"}],"replies":[{"embeddable":true,"href":"https:\/\/linitiative.ca\/International\/wp-json\/wp\/v2\/comments?post=126556"}],"version-history":[{"count":0,"href":"https:\/\/linitiative.ca\/International\/wp-json\/wp\/v2\/posts\/126556\/revisions"}],"wp:attachment":[{"href":"https:\/\/linitiative.ca\/International\/wp-json\/wp\/v2\/media?parent=126556"}],"wp:term":[{"taxonomy":"category","embeddable":true,"href":"https:\/\/linitiative.ca\/International\/wp-json\/wp\/v2\/categories?post=126556"},{"taxonomy":"post_tag","embeddable":true,"href":"https:\/\/linitiative.ca\/International\/wp-json\/wp\/v2\/tags?post=126556"}],"curies":[{"name":"wp","href":"https:\/\/api.w.org\/{rel}","templated":true}]}}